{"id":52373,"date":"2019-05-08T10:22:11","date_gmt":"2019-05-08T13:22:11","guid":{"rendered":"https:\/\/eldiariodesanpedro.com.ar\/sitio\/?p=52373"},"modified":"2019-05-08T10:22:18","modified_gmt":"2019-05-08T13:22:18","slug":"se-clausuro-un-comercio-por-falta-de-habilitacion-municipal","status":"publish","type":"post","link":"https:\/\/eldiariodesanpedro.com.ar\/sitio\/se-clausuro-un-comercio-por-falta-de-habilitacion-municipal\/","title":{"rendered":"Se clausuro un comercio por falta de habilitaci\u00f3n municipal"},"content":{"rendered":"<!-- VideographyWP Plugin Message: Automatic video embedding prevented by plugin options. -->\n\n<p>El hecho se produjo por la tarde del martes cuando personal de Gabinete de Comisaria en conjunto con inspecci\u00f3n proceden al operativo como lo vienen solicitando hace varias semanas atr\u00e1s en comercios y talleres.<\/p>\n\n\n\n<p>En este caso se trata de un local ubicado sobre calle Salta al 2600, propiedad de un hombre de 39 a\u00f1os de edad, donde se procedi\u00f3 a la clausura por no poseer el libro de registro y habilitaci\u00f3n correspondiente.<\/p>\n\n\n\n<p>Interviene el Juzgado de Paz local.<br><\/p>\n","protected":false},"excerpt":{"rendered":"<p>El hecho se produjo por la tarde del martes cuando personal de Gabinete de Comisaria en conjunto con inspecci\u00f3n proceden al operativo como lo vienen solicitando hace varias semanas atr\u00e1s en comercios y talleres. En este caso se trata de un local ubicado sobre calle Salta al 2600, propiedad de un hombre de 39 a\u00f1os [&hellip;]<\/p>\n","protected":false},"author":4,"featured_media":50734,"comment_status":"open","ping_status":"closed","sticky":false,"template":"","format":"standard","meta":{"om_disable_all_campaigns":false,"_jetpack_memberships_contains_paid_content":false,"footnotes":""},"categories":[2,103],"tags":[],"class_list":["post-52373","post","type-post","status-publish","format-standard","has-post-thumbnail","hentry","category-locales","category-policiales-locales"],"aioseo_notices":[],"gutentor_comment":0,"jetpack_featured_media_url":"https:\/\/eldiariodesanpedro.com.ar\/sitio\/wp-content\/uploads\/2019\/04\/clausura.jpg","jetpack_shortlink":"https:\/\/wp.me\/p6RhLt-dCJ","jetpack_sharing_enabled":true,"_links":{"self":[{"href":"https:\/\/eldiariodesanpedro.com.ar\/sitio\/wp-json\/wp\/v2\/posts\/52373","targetHints":{"allow":["GET"]}}],"collection":[{"href":"https:\/\/eldiariodesanpedro.com.ar\/sitio\/wp-json\/wp\/v2\/posts"}],"about":[{"href":"https:\/\/eldiariodesanpedro.com.ar\/sitio\/wp-json\/wp\/v2\/types\/post"}],"author":[{"embeddable":true,"href":"https:\/\/eldiariodesanpedro.com.ar\/sitio\/wp-json\/wp\/v2\/users\/4"}],"replies":[{"embeddable":true,"href":"https:\/\/eldiariodesanpedro.com.ar\/sitio\/wp-json\/wp\/v2\/comments?post=52373"}],"version-history":[{"count":1,"href":"https:\/\/eldiariodesanpedro.com.ar\/sitio\/wp-json\/wp\/v2\/posts\/52373\/revisions"}],"predecessor-version":[{"id":52374,"href":"https:\/\/eldiariodesanpedro.com.ar\/sitio\/wp-json\/wp\/v2\/posts\/52373\/revisions\/52374"}],"wp:featuredmedia":[{"embeddable":true,"href":"https:\/\/eldiariodesanpedro.com.ar\/sitio\/wp-json\/wp\/v2\/media\/50734"}],"wp:attachment":[{"href":"https:\/\/eldiariodesanpedro.com.ar\/sitio\/wp-json\/wp\/v2\/media?parent=52373"}],"wp:term":[{"taxonomy":"category","embeddable":true,"href":"https:\/\/eldiariodesanpedro.com.ar\/sitio\/wp-json\/wp\/v2\/categories?post=52373"},{"taxonomy":"post_tag","embeddable":true,"href":"https:\/\/eldiariodesanpedro.com.ar\/sitio\/wp-json\/wp\/v2\/tags?post=52373"}],"curies":[{"name":"wp","href":"https:\/\/api.w.org\/{rel}","templated":true}]}}