{"id":51571,"date":"2019-05-07T10:40:39","date_gmt":"2019-05-07T13:40:39","guid":{"rendered":"https:\/\/eldiariodesanpedro.com.ar\/sitio\/?p=51571"},"modified":"2019-05-07T10:40:50","modified_gmt":"2019-05-07T13:40:50","slug":"el-concejal-trelles-resulto-herido-en-accidente-de-transito","status":"publish","type":"post","link":"https:\/\/eldiariodesanpedro.com.ar\/sitio\/el-concejal-trelles-resulto-herido-en-accidente-de-transito\/","title":{"rendered":"El concejal Trelles result\u00f3 herido en accidente de tr\u00e1nsito"},"content":{"rendered":"<!-- VideographyWP Plugin Message: Automatic video embedding prevented by plugin options. -->\n\n<p>Viajaba en su camioneta cuando fue embestido por otro veh\u00edculo en el centro de la ciudad. Debi\u00f3 ser trasladado a la guardia del Hospital. <\/p>\n\n\n\n<p>Sobre el mediod\u00eda del lunes se produjo un accidente de tr\u00e1nsito en el que se vio involucrado el concejal de Unidad Ciudadana Rodolfo \u00abTitin\u00bb Trelles.\u00a0<\/p>\n\n\n\n<p>El incidente se produjo sobre la calle Arnaldo, a mitad de cuadra, entre Salta y Rivadavia. El edil conduc\u00eda su camioneta Ford Eco Sport y era acompa\u00f1ado por su colega Florencia S\u00e1nchez, cuando sorpresivamente fue impactado desde atr\u00e1s por un Renault 12 que no advirti\u00f3 que los veh\u00edculos se encontraban detenidos.&nbsp;<\/p>\n\n\n\n<p>Debido al fuerte impacto, Trelles sufri\u00f3 una fuerte contusi\u00f3n cervical y debi\u00f3 ser asistido por el servicio de emergencia Same que lo traslad\u00f3 a la guardia del Hospital en donde fue atendido.<\/p>\n\n\n\n<p>Posteriormente, al advertirse que se trataba solo de lesiones leves el concejal fue dado de alta.\u00a0\u00a0<\/p>\n\n\n\n<p>Fuente: San Pedro Informa<\/p>\n","protected":false},"excerpt":{"rendered":"<p>Viajaba en su camioneta cuando fue embestido por otro veh\u00edculo en el centro de la ciudad. Debi\u00f3 ser trasladado a la guardia del Hospital. Sobre el mediod\u00eda del lunes se produjo un accidente de tr\u00e1nsito en el que se vio involucrado el concejal de Unidad Ciudadana Rodolfo \u00abTitin\u00bb Trelles.\u00a0 El incidente se produjo sobre la [&hellip;]<\/p>\n","protected":false},"author":4,"featured_media":51572,"comment_status":"open","ping_status":"closed","sticky":false,"template":"","format":"standard","meta":{"om_disable_all_campaigns":false,"_jetpack_memberships_contains_paid_content":false,"footnotes":""},"categories":[621],"tags":[],"class_list":["post-51571","post","type-post","status-publish","format-standard","has-post-thumbnail","hentry","category-regionales"],"aioseo_notices":[],"gutentor_comment":0,"jetpack_featured_media_url":"https:\/\/eldiariodesanpedro.com.ar\/sitio\/wp-content\/uploads\/2019\/05\/000077032.jpg","jetpack_shortlink":"https:\/\/wp.me\/p6RhLt-dpN","jetpack_sharing_enabled":true,"_links":{"self":[{"href":"https:\/\/eldiariodesanpedro.com.ar\/sitio\/wp-json\/wp\/v2\/posts\/51571","targetHints":{"allow":["GET"]}}],"collection":[{"href":"https:\/\/eldiariodesanpedro.com.ar\/sitio\/wp-json\/wp\/v2\/posts"}],"about":[{"href":"https:\/\/eldiariodesanpedro.com.ar\/sitio\/wp-json\/wp\/v2\/types\/post"}],"author":[{"embeddable":true,"href":"https:\/\/eldiariodesanpedro.com.ar\/sitio\/wp-json\/wp\/v2\/users\/4"}],"replies":[{"embeddable":true,"href":"https:\/\/eldiariodesanpedro.com.ar\/sitio\/wp-json\/wp\/v2\/comments?post=51571"}],"version-history":[{"count":1,"href":"https:\/\/eldiariodesanpedro.com.ar\/sitio\/wp-json\/wp\/v2\/posts\/51571\/revisions"}],"predecessor-version":[{"id":51573,"href":"https:\/\/eldiariodesanpedro.com.ar\/sitio\/wp-json\/wp\/v2\/posts\/51571\/revisions\/51573"}],"wp:featuredmedia":[{"embeddable":true,"href":"https:\/\/eldiariodesanpedro.com.ar\/sitio\/wp-json\/wp\/v2\/media\/51572"}],"wp:attachment":[{"href":"https:\/\/eldiariodesanpedro.com.ar\/sitio\/wp-json\/wp\/v2\/media?parent=51571"}],"wp:term":[{"taxonomy":"category","embeddable":true,"href":"https:\/\/eldiariodesanpedro.com.ar\/sitio\/wp-json\/wp\/v2\/categories?post=51571"},{"taxonomy":"post_tag","embeddable":true,"href":"https:\/\/eldiariodesanpedro.com.ar\/sitio\/wp-json\/wp\/v2\/tags?post=51571"}],"curies":[{"name":"wp","href":"https:\/\/api.w.org\/{rel}","templated":true}]}}