{"id":51566,"date":"2019-05-07T10:36:55","date_gmt":"2019-05-07T13:36:55","guid":{"rendered":"https:\/\/eldiariodesanpedro.com.ar\/sitio\/?p=51566"},"modified":"2019-05-07T10:37:05","modified_gmt":"2019-05-07T13:37:05","slug":"campana-detuvieron-a-los-makekas-de-san-cayetano","status":"publish","type":"post","link":"https:\/\/eldiariodesanpedro.com.ar\/sitio\/campana-detuvieron-a-los-makekas-de-san-cayetano\/","title":{"rendered":"CAMPANA: Detuvieron a \u201clos Makekas\u201d de San Cayetano"},"content":{"rendered":"<!-- VideographyWP Plugin Message: Automatic video embedding prevented by plugin options. -->\n\n<p>Conocidos en el barrio, al menos uno de ellos, en tres oportunidades, atent\u00f3 a los tiros contra una vivienda, adem\u00e1s de robar y ocasionar varios da\u00f1os. Mientras uno de los involucrados fue detenido, el otro result\u00f3 aprehendido por trenzarse en lucha con los efectivos. <\/p>\n\n\n\n<p>A ra\u00edz de tres hechos ocurridos en los \u00faltimos meses contra una familia del barrio San Cayetano, quienes recibieran disparos en su vivienda, como tambi\u00e9n robos y da\u00f1os, fueron detenidos dos sujetos conocidos como \u201clos hermanos Makekas\u201d.<\/p>\n\n\n\n<p>Efectivos de la Comisar\u00eda Primera junto a personal del GAD allanaron los domicilios de Crossio al 330 e Ibarra al 3200, en el mencionado barrio. En una de las viviendas fue detenido Eduardo Alan Castell, de 21 a\u00f1os de edad, en orden al delito de robo agravado reiterado, abuso de arma agravado y da\u00f1os.<\/p>\n\n\n\n<p>En tanto que el segundo sospechoso, identificado como Mariano Nicol\u00e1s Medina, de 25 a\u00f1os, fue aprehendido por resistencia a la autoridad luego de trenzarse en lucha con los uniformados.<\/p>\n\n\n\n<p>Intervinieron adem\u00e1s el Dr. Mat\u00edas Ferreiros, titular de la UFI Nro. 2 de Campana, juntamente con el Dr. Claudio Audjian, instructor judicial, y el Juzgado de Garant\u00edas Nro. 2 de nuestra Ciudad.<\/p>\n\n\n\n<p>Detenido y aprehendido fueron puestos a disposici\u00f3n de la justicia, siendo alojados en calabozos de la jurisdicci\u00f3n. <\/p>\n\n\n\n<p>Fuente: Campana Noticias<\/p>\n\n\n\n<figure class=\"wp-block-image is-resized\"><img decoding=\"async\" data-attachment-id=\"51569\" data-permalink=\"https:\/\/eldiariodesanpedro.com.ar\/sitio\/campana-detuvieron-a-los-makekas-de-san-cayetano\/attachment\/20190506092805\/\" data-orig-file=\"https:\/\/eldiariodesanpedro.com.ar\/sitio\/wp-content\/uploads\/2019\/05\/20190506092805.jpg\" data-orig-size=\"470,353\" data-comments-opened=\"1\" data-image-meta=\"{&quot;aperture&quot;:&quot;0&quot;,&quot;credit&quot;:&quot;&quot;,&quot;camera&quot;:&quot;&quot;,&quot;caption&quot;:&quot;&quot;,&quot;created_timestamp&quot;:&quot;0&quot;,&quot;copyright&quot;:&quot;&quot;,&quot;focal_length&quot;:&quot;0&quot;,&quot;iso&quot;:&quot;0&quot;,&quot;shutter_speed&quot;:&quot;0&quot;,&quot;title&quot;:&quot;&quot;,&quot;orientation&quot;:&quot;0&quot;}\" data-image-title=\"20190506092805\" data-image-description=\"\" data-image-caption=\"\" data-large-file=\"https:\/\/eldiariodesanpedro.com.ar\/sitio\/wp-content\/uploads\/2019\/05\/20190506092805.jpg\" data-src=\"https:\/\/eldiariodesanpedro.com.ar\/sitio\/wp-content\/uploads\/2019\/05\/20190506092805.jpg\" alt=\"\" class=\"wp-image-51569 lazyload\" width=\"590\" height=\"443\" data-srcset=\"https:\/\/eldiariodesanpedro.com.ar\/sitio\/wp-content\/uploads\/2019\/05\/20190506092805.jpg 470w, https:\/\/eldiariodesanpedro.com.ar\/sitio\/wp-content\/uploads\/2019\/05\/20190506092805-300x225.jpg 300w\" data-sizes=\"(max-width: 590px) 100vw, 590px\" src=\"data:image\/svg+xml;base64,PHN2ZyB3aWR0aD0iMSIgaGVpZ2h0PSIxIiB4bWxucz0iaHR0cDovL3d3dy53My5vcmcvMjAwMC9zdmciPjwvc3ZnPg==\" style=\"--smush-placeholder-width: 590px; --smush-placeholder-aspect-ratio: 590\/443;\" \/><\/figure>\n","protected":false},"excerpt":{"rendered":"<p>Conocidos en el barrio, al menos uno de ellos, en tres oportunidades, atent\u00f3 a los tiros contra una vivienda, adem\u00e1s de robar y ocasionar varios da\u00f1os. Mientras uno de los involucrados fue detenido, el otro result\u00f3 aprehendido por trenzarse en lucha con los efectivos. A ra\u00edz de tres hechos ocurridos en los \u00faltimos meses contra [&hellip;]<\/p>\n","protected":false},"author":4,"featured_media":51568,"comment_status":"open","ping_status":"closed","sticky":false,"template":"","format":"standard","meta":{"om_disable_all_campaigns":false,"_jetpack_memberships_contains_paid_content":false,"footnotes":""},"categories":[621],"tags":[],"class_list":["post-51566","post","type-post","status-publish","format-standard","has-post-thumbnail","hentry","category-regionales"],"aioseo_notices":[],"gutentor_comment":0,"jetpack_featured_media_url":"https:\/\/eldiariodesanpedro.com.ar\/sitio\/wp-content\/uploads\/2019\/05\/20190506092302.jpg","jetpack_shortlink":"https:\/\/wp.me\/p6RhLt-dpI","jetpack_sharing_enabled":true,"_links":{"self":[{"href":"https:\/\/eldiariodesanpedro.com.ar\/sitio\/wp-json\/wp\/v2\/posts\/51566","targetHints":{"allow":["GET"]}}],"collection":[{"href":"https:\/\/eldiariodesanpedro.com.ar\/sitio\/wp-json\/wp\/v2\/posts"}],"about":[{"href":"https:\/\/eldiariodesanpedro.com.ar\/sitio\/wp-json\/wp\/v2\/types\/post"}],"author":[{"embeddable":true,"href":"https:\/\/eldiariodesanpedro.com.ar\/sitio\/wp-json\/wp\/v2\/users\/4"}],"replies":[{"embeddable":true,"href":"https:\/\/eldiariodesanpedro.com.ar\/sitio\/wp-json\/wp\/v2\/comments?post=51566"}],"version-history":[{"count":1,"href":"https:\/\/eldiariodesanpedro.com.ar\/sitio\/wp-json\/wp\/v2\/posts\/51566\/revisions"}],"predecessor-version":[{"id":51570,"href":"https:\/\/eldiariodesanpedro.com.ar\/sitio\/wp-json\/wp\/v2\/posts\/51566\/revisions\/51570"}],"wp:featuredmedia":[{"embeddable":true,"href":"https:\/\/eldiariodesanpedro.com.ar\/sitio\/wp-json\/wp\/v2\/media\/51568"}],"wp:attachment":[{"href":"https:\/\/eldiariodesanpedro.com.ar\/sitio\/wp-json\/wp\/v2\/media?parent=51566"}],"wp:term":[{"taxonomy":"category","embeddable":true,"href":"https:\/\/eldiariodesanpedro.com.ar\/sitio\/wp-json\/wp\/v2\/categories?post=51566"},{"taxonomy":"post_tag","embeddable":true,"href":"https:\/\/eldiariodesanpedro.com.ar\/sitio\/wp-json\/wp\/v2\/tags?post=51566"}],"curies":[{"name":"wp","href":"https:\/\/api.w.org\/{rel}","templated":true}]}}