{"id":51563,"date":"2019-05-07T10:33:57","date_gmt":"2019-05-07T13:33:57","guid":{"rendered":"https:\/\/eldiariodesanpedro.com.ar\/sitio\/?p=51563"},"modified":"2019-05-07T10:34:08","modified_gmt":"2019-05-07T13:34:08","slug":"campana-novaresio-abrio-el-ciclo-que-convoca-a-lideres-de-opinion","status":"publish","type":"post","link":"https:\/\/eldiariodesanpedro.com.ar\/sitio\/campana-novaresio-abrio-el-ciclo-que-convoca-a-lideres-de-opinion\/","title":{"rendered":"CAMPANA: Novaresio abri\u00f3 el ciclo que convoca a l\u00edderes de opini\u00f3n"},"content":{"rendered":"<!-- VideographyWP Plugin Message: Automatic video embedding prevented by plugin options. -->\n\n<p>El reconocido abogado y periodista Luis Novaresio fue el encargado de abrir el ciclo de \u201cCharlas en Tenaris\u201d, una nueva propuesta de la compa\u00f1\u00eda para sus empleados y la comunidad. Novaresio habl\u00f3 ante un Auditorio repleto sobre los medios de comunicaci\u00f3n y el escenario pol\u00edtico actual. Adem\u00e1s, destac\u00f3 la labor que se hace en Tenaris: \u201c\u00bfEn cu\u00e1ntas cosas los argentinos podemos decir que somos los n\u00famero uno?\u201d. <\/p>\n\n\n\n<p>En el primer encuentro del ciclo de \u201cCharlas en Tenaris\u201d organizado por Tenaris, el periodista y abogado Luis Novaresio invit\u00f3 a empleados y vecinos de la comunidad a reflexionar sobre el papel de los medios de comunicaci\u00f3n y la manera de ejercer el periodismo. Adem\u00e1s, comparti\u00f3 su visi\u00f3n sobre el panorama pol\u00edtico actual.<\/p>\n\n\n\n<p>\u201cCreo que fue una gran oportunidad para que vecinos y colaboradores de la empresa puedan reflexionar sobre la realidad nacional de la mano de un periodista reconocido como Luis, alguien siempre interesante de escuchar\u201d, asegur\u00f3 Javier Mart\u00ednez \u00c1lvarez, presidente de Tenaris Cono Sur, encargado de presentar al periodista rosarino ante un Auditorio repleto de asistentes.<\/p>\n\n\n\n<p>Novaresio abri\u00f3 su charla con un an\u00e1lisis de la vertiginosa circulaci\u00f3n de la informaci\u00f3n en el mundo contempor\u00e1neo, para lo que se apoy\u00f3 en datos del portal digital de noticias Infobae, uno de los medios en los que trabaja. Tambi\u00e9n se refiri\u00f3 a la labor de los periodistas en tiempos de fuerte polarizaci\u00f3n pol\u00edtica: \u201cnosotros hemos sido uno de los autores de la grieta\u201d, reconoci\u00f3- y cerr\u00f3 con una lectura del escenario pol\u00edtico local de cara a las elecciones presidenciales, del que se\u00f1al\u00f3 que \u201cla \u00fanica certeza es la incertidumbre\u201d.<\/p>\n\n\n\n<p>\u201cEstamos destinados a lo que querramos. Depende de nosotros. Si creemos en la b\u00fasqueda de soluciones m\u00e1gicas, repetiremos lo mismo. Pero si tenemos expectativas y abrazamos proyectos, nuestro destino puede ser otro\u201d, expres\u00f3.<\/p>\n\n\n\n<p>Previo a la charla, Novaresio y Mart\u00ednez \u00c1lvarez recorrieron TenarisSiderca: el periodista conoci\u00f3 el coraz\u00f3n del proceso de fabricaci\u00f3n de tubos sin costura en el Laminador Continuo 2 y el intenso trabajo de innovaci\u00f3n que la compa\u00f1\u00eda lleva adelante en su Centro de Investigaci\u00f3n y Desarrollo. Posteriormente, visit\u00f3 la Escuela T\u00e9cnica Roberto Rocca, donde charl\u00f3 con directivos y alumnos.<\/p>\n\n\n\n<p>\u201cMe qued\u00f3 mucho por ver, pero sal\u00ed impactado de la recorrida por la empresa\u201d, afirm\u00f3 Novaresio. \u201cEs destacable la labor que hacen f\u00edsicos, ingenieros y operarios en esta planta, que gracias a ellos lleg\u00f3 a ser l\u00edder en su sector. \u00bfEn cu\u00e1ntas cosas podemos los argentinos decir los que somos los n\u00fameros uno? En el f\u00fatbol, con Messi\u201d, manifest\u00f3 el tambi\u00e9n conductor de radio y TV.<\/p>\n\n\n\n<p>\u201cPor eso, creo que debemos dejar de hablar de esperanza y comenzar a hablar de expectativas. El ci\u00e9ntifico que trabaja en el Centro de Investigaci\u00f3n de Tenaris no habla esperanza, ofrece certezas. Este va a ser un a\u00f1o dif\u00edcil, pero tengo la expectativa que si cumplimos las reglas, somos respetuosos con el que piensa distinto y apostamos a los que trabajan como en esta planta, el destino de nuestro pa\u00eds puede ser mucho mejor\u201d, concluy\u00f3 Novaresio. <\/p>\n\n\n\n<p>Fuente: Campana Noticias<\/p>\n","protected":false},"excerpt":{"rendered":"<p>El reconocido abogado y periodista Luis Novaresio fue el encargado de abrir el ciclo de \u201cCharlas en Tenaris\u201d, una nueva propuesta de la compa\u00f1\u00eda para sus empleados y la comunidad. Novaresio habl\u00f3 ante un Auditorio repleto sobre los medios de comunicaci\u00f3n y el escenario pol\u00edtico actual. Adem\u00e1s, destac\u00f3 la labor que se hace en Tenaris: [&hellip;]<\/p>\n","protected":false},"author":4,"featured_media":51564,"comment_status":"open","ping_status":"closed","sticky":false,"template":"","format":"standard","meta":{"om_disable_all_campaigns":false,"_jetpack_memberships_contains_paid_content":false,"footnotes":""},"categories":[621],"tags":[],"class_list":["post-51563","post","type-post","status-publish","format-standard","has-post-thumbnail","hentry","category-regionales"],"aioseo_notices":[],"gutentor_comment":0,"jetpack_featured_media_url":"https:\/\/eldiariodesanpedro.com.ar\/sitio\/wp-content\/uploads\/2019\/05\/20190506095708.jpg","jetpack_shortlink":"https:\/\/wp.me\/p6RhLt-dpF","jetpack_sharing_enabled":true,"_links":{"self":[{"href":"https:\/\/eldiariodesanpedro.com.ar\/sitio\/wp-json\/wp\/v2\/posts\/51563","targetHints":{"allow":["GET"]}}],"collection":[{"href":"https:\/\/eldiariodesanpedro.com.ar\/sitio\/wp-json\/wp\/v2\/posts"}],"about":[{"href":"https:\/\/eldiariodesanpedro.com.ar\/sitio\/wp-json\/wp\/v2\/types\/post"}],"author":[{"embeddable":true,"href":"https:\/\/eldiariodesanpedro.com.ar\/sitio\/wp-json\/wp\/v2\/users\/4"}],"replies":[{"embeddable":true,"href":"https:\/\/eldiariodesanpedro.com.ar\/sitio\/wp-json\/wp\/v2\/comments?post=51563"}],"version-history":[{"count":1,"href":"https:\/\/eldiariodesanpedro.com.ar\/sitio\/wp-json\/wp\/v2\/posts\/51563\/revisions"}],"predecessor-version":[{"id":51565,"href":"https:\/\/eldiariodesanpedro.com.ar\/sitio\/wp-json\/wp\/v2\/posts\/51563\/revisions\/51565"}],"wp:featuredmedia":[{"embeddable":true,"href":"https:\/\/eldiariodesanpedro.com.ar\/sitio\/wp-json\/wp\/v2\/media\/51564"}],"wp:attachment":[{"href":"https:\/\/eldiariodesanpedro.com.ar\/sitio\/wp-json\/wp\/v2\/media?parent=51563"}],"wp:term":[{"taxonomy":"category","embeddable":true,"href":"https:\/\/eldiariodesanpedro.com.ar\/sitio\/wp-json\/wp\/v2\/categories?post=51563"},{"taxonomy":"post_tag","embeddable":true,"href":"https:\/\/eldiariodesanpedro.com.ar\/sitio\/wp-json\/wp\/v2\/tags?post=51563"}],"curies":[{"name":"wp","href":"https:\/\/api.w.org\/{rel}","templated":true}]}}