{"id":51560,"date":"2019-05-07T10:32:15","date_gmt":"2019-05-07T13:32:15","guid":{"rendered":"https:\/\/eldiariodesanpedro.com.ar\/sitio\/?p=51560"},"modified":"2019-05-07T10:32:25","modified_gmt":"2019-05-07T13:32:25","slug":"zarate-trabajadores-monotributistas-de-la-municipalidad-no-cobran-sueldo-hace-dos-meses","status":"publish","type":"post","link":"https:\/\/eldiariodesanpedro.com.ar\/sitio\/zarate-trabajadores-monotributistas-de-la-municipalidad-no-cobran-sueldo-hace-dos-meses\/","title":{"rendered":"Z\u00c1RATE: Trabajadores monotributistas de la Municipalidad no cobran sueldo hace dos meses"},"content":{"rendered":"<!-- VideographyWP Plugin Message: Automatic video embedding prevented by plugin options. -->\n\n<p>Los Trabajadores Monotributistas de la Municipalidad de Z\u00e1rate informan que reci\u00e9n, al mes de mayo, si bien hay compa\u00f1eros que han podido percibir sus sueldos correspondientes al mes de marzo, otros lo han hecho con un descuento del 25 por ciento, aproximadamente, sin previo aviso.<\/p>\n\n\n\n<p>Asimismo algunos compa\u00f1eros contin\u00faan sin cobrar e incluso otros a\u00fan no han facturado y lo m\u00e1s lamentable es que otros compa\u00f1eros se han quedado sin su puesto de trabajo. \u00abConsideramos necesario que la comunidad en su totalidad conozca la situaci\u00f3n que padecemos mes a mes, agudiz\u00e1ndose en el corriente a\u00f1o de medidas de ajuste econ\u00f3mico, ya que es ella misma la que principalmente se encuentra afectada por el vaciamiento de profesionales y recursos materiales de los distintos servicios\u00bb, sentenciaron.\u00a0<\/p>\n\n\n\n<p>\u00abConsideramos esto insostenible, desgastante, ya que somos los trabajadores quienes ponemos el cuerpo d\u00eda a d\u00eda para responder a la demanda social. Adem\u00e1s nos vemos en la necesidad de visualizar una fuerte contradicci\u00f3n entre el discurso que presenta el Ejecutivo Municipal en relaci\u00f3n a los trabajadores y el\u00a0contexto socio-econ\u00f3mico en que nos encontramos inmersos, ya que es ese mismo el que permite y sostiene nuestra precarizaci\u00f3n como trabajadores. Porque somos trabajadores que defendemos el servicio p\u00fablico que prestamos, luchando para que Z\u00e1rate sea un lugar DIGNO de vivir y DISFRUTAR, en donde todas las familias se puedan desarrollar y garantizar sus DERECHOS, es que solicitamos a la SOCIEDAD QUE NOS ACOMPA\u00d1E EN ESTE RECLAMO y AL EJECUTIVO MUNICIPAL se regularice el pago en tiempo y forma de nuestros sueldos, se nos garantice estabilidad y condiciones laborales acordes a nuestros trabajos, as\u00ed como mejores condiciones de contrataci\u00f3n, ya que hay casos en que la antig\u00fcedad como monotributistas supera los 10 a\u00f1os.<\/p>\n\n\n\n<p>Cada una de las \u00e1reas sumadas al reclamo, tomaremos las medidas en conjunto que\u00a0creamos adecuadas para ejercer el derecho leg\u00edtimo de protesta ante estos hechos y en tanto no se solucione la condici\u00f3n de cada uno de los trabajadores.<\/p>\n\n\n\n<p>Trabajadores Monotributistas de la Municipalidad de Z\u00e1rate, \u00e1reas de: Servicios Sociales\u00a0Z\u00e1rate-Lima, Servicio local, G\u00e9nero, Juventud, H\u00e1bitat, Cultura y CEPAM<\/p>\n\n\n\n<p><strong>Fuente:&nbsp;<\/strong>Noticias Z\u00e1rate Alerta<\/p>\n\n\n\n<p> <\/p>\n","protected":false},"excerpt":{"rendered":"<p>Los Trabajadores Monotributistas de la Municipalidad de Z\u00e1rate informan que reci\u00e9n, al mes de mayo, si bien hay compa\u00f1eros que han podido percibir sus sueldos correspondientes al mes de marzo, otros lo han hecho con un descuento del 25 por ciento, aproximadamente, sin previo aviso. Asimismo algunos compa\u00f1eros contin\u00faan sin cobrar e incluso otros a\u00fan [&hellip;]<\/p>\n","protected":false},"author":4,"featured_media":51561,"comment_status":"open","ping_status":"closed","sticky":false,"template":"","format":"standard","meta":{"om_disable_all_campaigns":false,"_jetpack_memberships_contains_paid_content":false,"footnotes":""},"categories":[621],"tags":[],"class_list":["post-51560","post","type-post","status-publish","format-standard","has-post-thumbnail","hentry","category-regionales"],"aioseo_notices":[],"gutentor_comment":0,"jetpack_featured_media_url":"https:\/\/eldiariodesanpedro.com.ar\/sitio\/wp-content\/uploads\/2019\/05\/zarate_municipalidad-768x360.jpg","jetpack_shortlink":"https:\/\/wp.me\/p6RhLt-dpC","jetpack_sharing_enabled":true,"_links":{"self":[{"href":"https:\/\/eldiariodesanpedro.com.ar\/sitio\/wp-json\/wp\/v2\/posts\/51560","targetHints":{"allow":["GET"]}}],"collection":[{"href":"https:\/\/eldiariodesanpedro.com.ar\/sitio\/wp-json\/wp\/v2\/posts"}],"about":[{"href":"https:\/\/eldiariodesanpedro.com.ar\/sitio\/wp-json\/wp\/v2\/types\/post"}],"author":[{"embeddable":true,"href":"https:\/\/eldiariodesanpedro.com.ar\/sitio\/wp-json\/wp\/v2\/users\/4"}],"replies":[{"embeddable":true,"href":"https:\/\/eldiariodesanpedro.com.ar\/sitio\/wp-json\/wp\/v2\/comments?post=51560"}],"version-history":[{"count":1,"href":"https:\/\/eldiariodesanpedro.com.ar\/sitio\/wp-json\/wp\/v2\/posts\/51560\/revisions"}],"predecessor-version":[{"id":51562,"href":"https:\/\/eldiariodesanpedro.com.ar\/sitio\/wp-json\/wp\/v2\/posts\/51560\/revisions\/51562"}],"wp:featuredmedia":[{"embeddable":true,"href":"https:\/\/eldiariodesanpedro.com.ar\/sitio\/wp-json\/wp\/v2\/media\/51561"}],"wp:attachment":[{"href":"https:\/\/eldiariodesanpedro.com.ar\/sitio\/wp-json\/wp\/v2\/media?parent=51560"}],"wp:term":[{"taxonomy":"category","embeddable":true,"href":"https:\/\/eldiariodesanpedro.com.ar\/sitio\/wp-json\/wp\/v2\/categories?post=51560"},{"taxonomy":"post_tag","embeddable":true,"href":"https:\/\/eldiariodesanpedro.com.ar\/sitio\/wp-json\/wp\/v2\/tags?post=51560"}],"curies":[{"name":"wp","href":"https:\/\/api.w.org\/{rel}","templated":true}]}}