{"id":51556,"date":"2019-05-07T10:29:38","date_gmt":"2019-05-07T13:29:38","guid":{"rendered":"https:\/\/eldiariodesanpedro.com.ar\/sitio\/?p=51556"},"modified":"2019-05-07T10:29:47","modified_gmt":"2019-05-07T13:29:47","slug":"arrecifes-una-mujer-manejaba-la-distribucion-de-drogas-en-arrecifes-segun-el-fiscal","status":"publish","type":"post","link":"https:\/\/eldiariodesanpedro.com.ar\/sitio\/arrecifes-una-mujer-manejaba-la-distribucion-de-drogas-en-arrecifes-segun-el-fiscal\/","title":{"rendered":"ARRECIFES: Una mujer manejaba la distribuci\u00f3n de drogas en Arrecifes seg\u00fan el fiscal"},"content":{"rendered":"<!-- VideographyWP Plugin Message: Automatic video embedding prevented by plugin options. -->\n\n<p>La fiscal Ver\u00f3nica Marcantonio habl\u00f3 hoy en Radio Uno (107.1) sobre el megaoperativo antidrogas realizado el pasado viernes con nueve allanamientos y ocho detenidos, la mayor\u00eda de ellos de Arrecifes.<\/p>\n\n\n\n<p>La titular de la Unidad Funcional de Instrucci\u00f3n N\u00ba 1, tematizada en Estupefacientes, relat\u00f3 que \u00abdespu\u00e9s de un tiempo de investigaci\u00f3n y reuni\u00f3n de pruebas y elementos, orden\u00e9 nueve allanamientos y ocho detenciones que se iniciaron en la madrugada del \u00faltimo viernes. Adem\u00e1s de las distintas fuerzas de la Polic\u00eda Bonaerense que participaron del operativo, ped\u00ed la presencia tambi\u00e9n de la Polic\u00eda Federal, algo que acostumbro a hacer \u00faltimamente\u00bb.<\/p>\n\n\n\n<p>La Dra. Marcantonio consider\u00f3 totalmente exitoso el procedimiento ya que \u00abse secuestraron muchos e importantes elementos de valor para la causa; adem\u00e1s, por datos obtenidos en el operativo orden\u00e9 otro allanamiento de urgencia en un domicilio de Arrecifes, donde hubo ocultamiento de persona pero encontramos marihuana, coca\u00edna y m\u00e1s de $ 150.000 en efectivo\u00bb.<\/p>\n\n\n\n<p>Sobre los detenidos, detall\u00f3 que \u00abhasta el momento son siete y hay un pr\u00f3fugo, residente en Arrecifes. De los siete detenidos, cinco son de Arrecifes, entre ellos dos mujeres; uno de Salto y uno de Chacabuco. Una de las mujeres ya hab\u00eda sido detenida el a\u00f1o pasado por la misma causa, pero estaba en libertad condicional porque tiene hijos menores a su cargo\u00bb.<\/p>\n\n\n\n<p>\u00abSe volvi\u00f3 a establecer que esta femenina continuaba con la venta de drogas y que, adem\u00e1s, manejaba una red de distribuci\u00f3n al menudeo en Arrecifes. La droga ven\u00eda de Salto y de Chacabuco\u00bb, a\u00f1adi\u00f3 la Dra. Marcantonio.<\/p>\n\n\n\n<p>Respecto de la suerte de los detenidos, la fiscal explic\u00f3 que \u00abpermanecen privados de la libertad a disposici\u00f3n de la jueza Dra. Mar\u00eda Eugenia Maiztegui. Ahora yo tengo un plazo de 15 d\u00edas (y de necesitarlo, 15 d\u00edas m\u00e1s), para a\u00f1adir medidas probatorias a la causa, como por ejemplo an\u00e1lisis de tel\u00e9fonos celulares, y solicitar la prisi\u00f3n preventiva. Luego resolver\u00e1 la se\u00f1ora jueza\u00bb.<\/p>\n\n\n\n<p>Para finalizar, la fiscal Marcantonio pidi\u00f3 a la poblaci\u00f3n de Arrecifes \u00abque se acerquen a aportar datos, que no tengan miedo. Los vecinos son quienes m\u00e1s saben de los lugares o personas que venden drogas en sus barrios y que les arruinan la vida a los j\u00f3venes. Y cada vez son m\u00e1s chicos los que consumen. No tengan temor alguno porque preservamos su identidad; es m\u00e1s, ni les preguntamos el nombre, no nos interesa saber c\u00f3mo se llaman sino tener los datos. No redactamos denuncias ni nada. Yo anoto en un papelito los datos que me den. Y los funcionarios judiciales, la polic\u00eda y la secretar\u00eda de Seguridad de Arrecifes tienen instrucciones de hacer lo mismo. Hace poco me reun\u00ed con el intendente en Arrecifes y estamos trabajando fuertemente en conjunto para pelear contra este flagelo\u00bb.<\/p>\n\n\n\n<p><strong>LA IDENTIDAD DE LOS DETENIDOS<\/strong><br>La Secretar\u00eda de Seguridad P\u00fablica de la Municipalidad de Arrecifes inform\u00f3 la identidad de los detenidos en este golpe al narcotr\u00e1fico:<br>ARRECIFES: Facundo Ferrito, Roc\u00edo Fayolle, Jos\u00e9 Luis Albornoz, Yanina Herrera y Guillermo L\u00f3pez.<br>SALTO: Sergio Arrieta.<br>CHACABUCO: Michel D\u2019Amico.<\/p>\n\n\n\n<p><br><\/p>\n","protected":false},"excerpt":{"rendered":"<p>La fiscal Ver\u00f3nica Marcantonio habl\u00f3 hoy en Radio Uno (107.1) sobre el megaoperativo antidrogas realizado el pasado viernes con nueve allanamientos y ocho detenidos, la mayor\u00eda de ellos de Arrecifes. La titular de la Unidad Funcional de Instrucci\u00f3n N\u00ba 1, tematizada en Estupefacientes, relat\u00f3 que \u00abdespu\u00e9s de un tiempo de investigaci\u00f3n y reuni\u00f3n de pruebas [&hellip;]<\/p>\n","protected":false},"author":4,"featured_media":51557,"comment_status":"open","ping_status":"closed","sticky":false,"template":"","format":"standard","meta":{"om_disable_all_campaigns":false,"_jetpack_memberships_contains_paid_content":false,"footnotes":""},"categories":[621],"tags":[],"class_list":["post-51556","post","type-post","status-publish","format-standard","has-post-thumbnail","hentry","category-regionales"],"aioseo_notices":[],"gutentor_comment":0,"jetpack_featured_media_url":"https:\/\/eldiariodesanpedro.com.ar\/sitio\/wp-content\/uploads\/2019\/05\/Allanamiento-drogas-3-734x510.jpg","jetpack_shortlink":"https:\/\/wp.me\/p6RhLt-dpy","jetpack_sharing_enabled":true,"_links":{"self":[{"href":"https:\/\/eldiariodesanpedro.com.ar\/sitio\/wp-json\/wp\/v2\/posts\/51556","targetHints":{"allow":["GET"]}}],"collection":[{"href":"https:\/\/eldiariodesanpedro.com.ar\/sitio\/wp-json\/wp\/v2\/posts"}],"about":[{"href":"https:\/\/eldiariodesanpedro.com.ar\/sitio\/wp-json\/wp\/v2\/types\/post"}],"author":[{"embeddable":true,"href":"https:\/\/eldiariodesanpedro.com.ar\/sitio\/wp-json\/wp\/v2\/users\/4"}],"replies":[{"embeddable":true,"href":"https:\/\/eldiariodesanpedro.com.ar\/sitio\/wp-json\/wp\/v2\/comments?post=51556"}],"version-history":[{"count":1,"href":"https:\/\/eldiariodesanpedro.com.ar\/sitio\/wp-json\/wp\/v2\/posts\/51556\/revisions"}],"predecessor-version":[{"id":51559,"href":"https:\/\/eldiariodesanpedro.com.ar\/sitio\/wp-json\/wp\/v2\/posts\/51556\/revisions\/51559"}],"wp:featuredmedia":[{"embeddable":true,"href":"https:\/\/eldiariodesanpedro.com.ar\/sitio\/wp-json\/wp\/v2\/media\/51557"}],"wp:attachment":[{"href":"https:\/\/eldiariodesanpedro.com.ar\/sitio\/wp-json\/wp\/v2\/media?parent=51556"}],"wp:term":[{"taxonomy":"category","embeddable":true,"href":"https:\/\/eldiariodesanpedro.com.ar\/sitio\/wp-json\/wp\/v2\/categories?post=51556"},{"taxonomy":"post_tag","embeddable":true,"href":"https:\/\/eldiariodesanpedro.com.ar\/sitio\/wp-json\/wp\/v2\/tags?post=51556"}],"curies":[{"name":"wp","href":"https:\/\/api.w.org\/{rel}","templated":true}]}}