{"id":51554,"date":"2019-05-07T10:25:53","date_gmt":"2019-05-07T13:25:53","guid":{"rendered":"https:\/\/eldiariodesanpedro.com.ar\/sitio\/?p=51554"},"modified":"2019-05-07T10:26:00","modified_gmt":"2019-05-07T13:26:00","slug":"fue-clausurado-un-taller-mecanico","status":"publish","type":"post","link":"https:\/\/eldiariodesanpedro.com.ar\/sitio\/fue-clausurado-un-taller-mecanico\/","title":{"rendered":"Fue clausurado un taller mec\u00e1nico"},"content":{"rendered":"<!-- VideographyWP Plugin Message: Automatic video embedding prevented by plugin options. -->\n\n<p>En el marco de la ley 13081, personal del Gabinete Criminologico procedi\u00f3 a la clausura de un taller mec\u00e1nico quien no pose\u00eda el libro correspondiente de control municipal.<\/p>\n\n\n\n<p>El hecho tuvo lugar este lunes por la tarde, el taller esta ubicado sobre calle Gomendio al 2200 donde se le labro el acta de insfraccion a la ley 13081 y a la clausura del mismo con intervenci\u00f3n del Juzgado de Paz Local.<\/p>\n","protected":false},"excerpt":{"rendered":"<p>En el marco de la ley 13081, personal del Gabinete Criminologico procedi\u00f3 a la clausura de un taller mec\u00e1nico quien no pose\u00eda el libro correspondiente de control municipal. El hecho tuvo lugar este lunes por la tarde, el taller esta ubicado sobre calle Gomendio al 2200 donde se le labro el acta de insfraccion a [&hellip;]<\/p>\n","protected":false},"author":4,"featured_media":50734,"comment_status":"open","ping_status":"closed","sticky":false,"template":"","format":"standard","meta":{"om_disable_all_campaigns":false,"_jetpack_memberships_contains_paid_content":false,"footnotes":""},"categories":[2,103],"tags":[],"class_list":["post-51554","post","type-post","status-publish","format-standard","has-post-thumbnail","hentry","category-locales","category-policiales-locales"],"aioseo_notices":[],"gutentor_comment":2,"jetpack_featured_media_url":"https:\/\/eldiariodesanpedro.com.ar\/sitio\/wp-content\/uploads\/2019\/04\/clausura.jpg","jetpack_shortlink":"https:\/\/wp.me\/p6RhLt-dpw","jetpack_sharing_enabled":true,"_links":{"self":[{"href":"https:\/\/eldiariodesanpedro.com.ar\/sitio\/wp-json\/wp\/v2\/posts\/51554","targetHints":{"allow":["GET"]}}],"collection":[{"href":"https:\/\/eldiariodesanpedro.com.ar\/sitio\/wp-json\/wp\/v2\/posts"}],"about":[{"href":"https:\/\/eldiariodesanpedro.com.ar\/sitio\/wp-json\/wp\/v2\/types\/post"}],"author":[{"embeddable":true,"href":"https:\/\/eldiariodesanpedro.com.ar\/sitio\/wp-json\/wp\/v2\/users\/4"}],"replies":[{"embeddable":true,"href":"https:\/\/eldiariodesanpedro.com.ar\/sitio\/wp-json\/wp\/v2\/comments?post=51554"}],"version-history":[{"count":1,"href":"https:\/\/eldiariodesanpedro.com.ar\/sitio\/wp-json\/wp\/v2\/posts\/51554\/revisions"}],"predecessor-version":[{"id":51555,"href":"https:\/\/eldiariodesanpedro.com.ar\/sitio\/wp-json\/wp\/v2\/posts\/51554\/revisions\/51555"}],"wp:featuredmedia":[{"embeddable":true,"href":"https:\/\/eldiariodesanpedro.com.ar\/sitio\/wp-json\/wp\/v2\/media\/50734"}],"wp:attachment":[{"href":"https:\/\/eldiariodesanpedro.com.ar\/sitio\/wp-json\/wp\/v2\/media?parent=51554"}],"wp:term":[{"taxonomy":"category","embeddable":true,"href":"https:\/\/eldiariodesanpedro.com.ar\/sitio\/wp-json\/wp\/v2\/categories?post=51554"},{"taxonomy":"post_tag","embeddable":true,"href":"https:\/\/eldiariodesanpedro.com.ar\/sitio\/wp-json\/wp\/v2\/tags?post=51554"}],"curies":[{"name":"wp","href":"https:\/\/api.w.org\/{rel}","templated":true}]}}