{"id":51548,"date":"2019-05-07T10:11:47","date_gmt":"2019-05-07T13:11:47","guid":{"rendered":"https:\/\/eldiariodesanpedro.com.ar\/sitio\/?p=51548"},"modified":"2019-05-07T10:11:56","modified_gmt":"2019-05-07T13:11:56","slug":"se-secuestro-un-vehiculo-que-fue-robado-en-santa-fe","status":"publish","type":"post","link":"https:\/\/eldiariodesanpedro.com.ar\/sitio\/se-secuestro-un-vehiculo-que-fue-robado-en-santa-fe\/","title":{"rendered":"Se secuestro un veh\u00edculo que fue robado en Santa Fe"},"content":{"rendered":"<!-- VideographyWP Plugin Message: Automatic video embedding prevented by plugin options. -->\n\n<p>Tras interceptarlo el personal policial y cursar el dominio en el sistema informativo se constato el pedido de captura actual.<\/p>\n\n\n\n<p>El hecho se produjo en inmediaciones de callej\u00f3n Los Pinos s\/n cuando los efectivos que se encontraban en recorrida en el marco de operativo din\u00e1micos, logran interceptar un autom\u00f3vil marca Peugeot 207 de color negro.<\/p>\n\n\n\n<p>El mismo tras cursar su dominio en el sistema informativo arroja pedido de secuestro activo, en estado actual, a requerimiento de la Justicia de la Provincia de Santa Fe desde el a\u00f1o 2018.<\/p>\n\n\n\n<p>Con respecto a quien lo conduc\u00eda, una mujer de 23 a\u00f1os de edad, se le cumplieron recaudos legales, traslad\u00e1ndola a la comisaria local a la espera de la intervenci\u00f3n de la fiscalia en turno.<\/p>\n\n\n\n<figure class=\"wp-block-image\"><img decoding=\"async\" width=\"1024\" height=\"537\" data-attachment-id=\"51550\" data-permalink=\"https:\/\/eldiariodesanpedro.com.ar\/sitio\/se-secuestro-un-vehiculo-que-fue-robado-en-santa-fe\/whatsapp-image-2019-05-07-at-9-17-42-am\/\" data-orig-file=\"https:\/\/eldiariodesanpedro.com.ar\/sitio\/wp-content\/uploads\/2019\/05\/WhatsApp-Image-2019-05-07-at-9.17.42-AM.jpeg\" data-orig-size=\"1280,671\" data-comments-opened=\"1\" data-image-meta=\"{&quot;aperture&quot;:&quot;0&quot;,&quot;credit&quot;:&quot;&quot;,&quot;camera&quot;:&quot;&quot;,&quot;caption&quot;:&quot;&quot;,&quot;created_timestamp&quot;:&quot;0&quot;,&quot;copyright&quot;:&quot;&quot;,&quot;focal_length&quot;:&quot;0&quot;,&quot;iso&quot;:&quot;0&quot;,&quot;shutter_speed&quot;:&quot;0&quot;,&quot;title&quot;:&quot;&quot;,&quot;orientation&quot;:&quot;0&quot;}\" data-image-title=\"WhatsApp Image 2019-05-07 at 9.17.42 AM\" data-image-description=\"\" data-image-caption=\"\" data-large-file=\"https:\/\/eldiariodesanpedro.com.ar\/sitio\/wp-content\/uploads\/2019\/05\/WhatsApp-Image-2019-05-07-at-9.17.42-AM-1024x537.jpeg\" data-src=\"https:\/\/eldiariodesanpedro.com.ar\/sitio\/wp-content\/uploads\/2019\/05\/WhatsApp-Image-2019-05-07-at-9.17.42-AM-1024x537.jpeg\" alt=\"\" class=\"wp-image-51550 lazyload\" data-srcset=\"https:\/\/eldiariodesanpedro.com.ar\/sitio\/wp-content\/uploads\/2019\/05\/WhatsApp-Image-2019-05-07-at-9.17.42-AM-1024x537.jpeg 1024w, https:\/\/eldiariodesanpedro.com.ar\/sitio\/wp-content\/uploads\/2019\/05\/WhatsApp-Image-2019-05-07-at-9.17.42-AM-300x157.jpeg 300w, https:\/\/eldiariodesanpedro.com.ar\/sitio\/wp-content\/uploads\/2019\/05\/WhatsApp-Image-2019-05-07-at-9.17.42-AM-768x403.jpeg 768w, https:\/\/eldiariodesanpedro.com.ar\/sitio\/wp-content\/uploads\/2019\/05\/WhatsApp-Image-2019-05-07-at-9.17.42-AM-390x205.jpeg 390w, https:\/\/eldiariodesanpedro.com.ar\/sitio\/wp-content\/uploads\/2019\/05\/WhatsApp-Image-2019-05-07-at-9.17.42-AM.jpeg 1280w\" data-sizes=\"(max-width: 1024px) 100vw, 1024px\" src=\"data:image\/svg+xml;base64,PHN2ZyB3aWR0aD0iMSIgaGVpZ2h0PSIxIiB4bWxucz0iaHR0cDovL3d3dy53My5vcmcvMjAwMC9zdmciPjwvc3ZnPg==\" style=\"--smush-placeholder-width: 1024px; --smush-placeholder-aspect-ratio: 1024\/537;\" \/><\/figure>\n\n\n\n<p>Tambi\u00e9n en la tarde noche de este lunes, tras un amplio labor policial, se logra hallar un veh\u00edculo marca Renault 18 de color gris, que se encontraba estacionado en la v\u00eda publica, mas precisamente sobre calle San Mart\u00edn casi Anibal de Anton, donde se constata que hab\u00eda sido sustra\u00eddo el 26 de abril del corriente a\u00f1o.<\/p>\n\n\n\n<p>El rodado queda secuestrado bajo cargo judicial.<\/p>\n","protected":false},"excerpt":{"rendered":"<p>Tras interceptarlo el personal policial y cursar el dominio en el sistema informativo se constato el pedido de captura actual. El hecho se produjo en inmediaciones de callej\u00f3n Los Pinos s\/n cuando los efectivos que se encontraban en recorrida en el marco de operativo din\u00e1micos, logran interceptar un autom\u00f3vil marca Peugeot 207 de color negro. [&hellip;]<\/p>\n","protected":false},"author":4,"featured_media":51550,"comment_status":"open","ping_status":"closed","sticky":false,"template":"","format":"standard","meta":{"om_disable_all_campaigns":false,"_jetpack_memberships_contains_paid_content":false,"footnotes":""},"categories":[50,2,103],"tags":[],"class_list":["post-51548","post","type-post","status-publish","format-standard","has-post-thumbnail","hentry","category-destacadas","category-locales","category-policiales-locales"],"aioseo_notices":[],"gutentor_comment":0,"jetpack_featured_media_url":"https:\/\/eldiariodesanpedro.com.ar\/sitio\/wp-content\/uploads\/2019\/05\/WhatsApp-Image-2019-05-07-at-9.17.42-AM.jpeg","jetpack_shortlink":"https:\/\/wp.me\/p6RhLt-dpq","jetpack_sharing_enabled":true,"_links":{"self":[{"href":"https:\/\/eldiariodesanpedro.com.ar\/sitio\/wp-json\/wp\/v2\/posts\/51548","targetHints":{"allow":["GET"]}}],"collection":[{"href":"https:\/\/eldiariodesanpedro.com.ar\/sitio\/wp-json\/wp\/v2\/posts"}],"about":[{"href":"https:\/\/eldiariodesanpedro.com.ar\/sitio\/wp-json\/wp\/v2\/types\/post"}],"author":[{"embeddable":true,"href":"https:\/\/eldiariodesanpedro.com.ar\/sitio\/wp-json\/wp\/v2\/users\/4"}],"replies":[{"embeddable":true,"href":"https:\/\/eldiariodesanpedro.com.ar\/sitio\/wp-json\/wp\/v2\/comments?post=51548"}],"version-history":[{"count":1,"href":"https:\/\/eldiariodesanpedro.com.ar\/sitio\/wp-json\/wp\/v2\/posts\/51548\/revisions"}],"predecessor-version":[{"id":51553,"href":"https:\/\/eldiariodesanpedro.com.ar\/sitio\/wp-json\/wp\/v2\/posts\/51548\/revisions\/51553"}],"wp:featuredmedia":[{"embeddable":true,"href":"https:\/\/eldiariodesanpedro.com.ar\/sitio\/wp-json\/wp\/v2\/media\/51550"}],"wp:attachment":[{"href":"https:\/\/eldiariodesanpedro.com.ar\/sitio\/wp-json\/wp\/v2\/media?parent=51548"}],"wp:term":[{"taxonomy":"category","embeddable":true,"href":"https:\/\/eldiariodesanpedro.com.ar\/sitio\/wp-json\/wp\/v2\/categories?post=51548"},{"taxonomy":"post_tag","embeddable":true,"href":"https:\/\/eldiariodesanpedro.com.ar\/sitio\/wp-json\/wp\/v2\/tags?post=51548"}],"curies":[{"name":"wp","href":"https:\/\/api.w.org\/{rel}","templated":true}]}}