{"id":51543,"date":"2019-05-07T09:51:37","date_gmt":"2019-05-07T12:51:37","guid":{"rendered":"https:\/\/eldiariodesanpedro.com.ar\/sitio\/?p=51543"},"modified":"2019-05-07T09:51:45","modified_gmt":"2019-05-07T12:51:45","slug":"un-aprehendido-por-tenencia-de-marihuana","status":"publish","type":"post","link":"https:\/\/eldiariodesanpedro.com.ar\/sitio\/un-aprehendido-por-tenencia-de-marihuana\/","title":{"rendered":"Un aprehendido por tenencia de marihuana"},"content":{"rendered":"<!-- VideographyWP Plugin Message: Automatic video embedding prevented by plugin options. -->\n\n<p>El joven de 23 a\u00f1os de edad, se encontraba en la v\u00eda publica cuando efectivos policiales que estaban en recorrida, constatan al identificarlo, que  tenia en su poder un envoltorio de sustancia de marihuana.<\/p>\n\n\n\n<figure class=\"wp-block-image\"><img decoding=\"async\" width=\"1280\" height=\"720\" data-attachment-id=\"51544\" data-permalink=\"https:\/\/eldiariodesanpedro.com.ar\/sitio\/un-aprehendido-por-tenencia-de-marihuana\/whatsapp-image-2019-05-07-at-9-18-16-am\/\" data-orig-file=\"https:\/\/eldiariodesanpedro.com.ar\/sitio\/wp-content\/uploads\/2019\/05\/WhatsApp-Image-2019-05-07-at-9.18.16-AM.jpeg\" data-orig-size=\"1280,720\" data-comments-opened=\"1\" data-image-meta=\"{&quot;aperture&quot;:&quot;0&quot;,&quot;credit&quot;:&quot;&quot;,&quot;camera&quot;:&quot;&quot;,&quot;caption&quot;:&quot;&quot;,&quot;created_timestamp&quot;:&quot;0&quot;,&quot;copyright&quot;:&quot;&quot;,&quot;focal_length&quot;:&quot;0&quot;,&quot;iso&quot;:&quot;0&quot;,&quot;shutter_speed&quot;:&quot;0&quot;,&quot;title&quot;:&quot;&quot;,&quot;orientation&quot;:&quot;0&quot;}\" data-image-title=\"WhatsApp Image 2019-05-07 at 9.18.16 AM\" data-image-description=\"\" data-image-caption=\"\" data-large-file=\"https:\/\/eldiariodesanpedro.com.ar\/sitio\/wp-content\/uploads\/2019\/05\/WhatsApp-Image-2019-05-07-at-9.18.16-AM-1024x576.jpeg\" data-src=\"https:\/\/i0.wp.com\/eldiariodesanpedro.com.ar\/sitio\/wp-content\/uploads\/2019\/05\/WhatsApp-Image-2019-05-07-at-9.18.16-AM.jpeg?fit=660%2C371\" alt=\"\" class=\"wp-image-51544 lazyload\" data-srcset=\"https:\/\/eldiariodesanpedro.com.ar\/sitio\/wp-content\/uploads\/2019\/05\/WhatsApp-Image-2019-05-07-at-9.18.16-AM.jpeg 1280w, https:\/\/eldiariodesanpedro.com.ar\/sitio\/wp-content\/uploads\/2019\/05\/WhatsApp-Image-2019-05-07-at-9.18.16-AM-300x169.jpeg 300w, https:\/\/eldiariodesanpedro.com.ar\/sitio\/wp-content\/uploads\/2019\/05\/WhatsApp-Image-2019-05-07-at-9.18.16-AM-768x432.jpeg 768w, https:\/\/eldiariodesanpedro.com.ar\/sitio\/wp-content\/uploads\/2019\/05\/WhatsApp-Image-2019-05-07-at-9.18.16-AM-1024x576.jpeg 1024w\" data-sizes=\"(max-width: 1280px) 100vw, 1280px\" src=\"data:image\/svg+xml;base64,PHN2ZyB3aWR0aD0iMSIgaGVpZ2h0PSIxIiB4bWxucz0iaHR0cDovL3d3dy53My5vcmcvMjAwMC9zdmciPjwvc3ZnPg==\" style=\"--smush-placeholder-width: 1280px; --smush-placeholder-aspect-ratio: 1280\/720;\" \/><\/figure>\n\n\n\n<p>El episodio se produjo en un marco de operativo din\u00e1mico, en intersecci\u00f3n de las calles Mitre y Cucit.<\/p>\n\n\n\n<p>Personal policial procedi\u00f3 la aprehensi\u00f3n del joven luego  de constatar un envoltorio de marihuana entre sus prendas. Fue trasladado a la comisaria local a la espera de la intervenci\u00f3n de la fiscalia en turno.<\/p>\n\n\n\n<ul class=\"wp-block-gallery columns-2 is-cropped wp-block-gallery-1 is-layout-flex wp-block-gallery-is-layout-flex\"><li class=\"blocks-gallery-item\"><figure><img decoding=\"async\" width=\"1280\" height=\"720\" data-attachment-id=\"51545\" data-permalink=\"https:\/\/eldiariodesanpedro.com.ar\/sitio\/un-aprehendido-por-tenencia-de-marihuana\/whatsapp-image-2019-05-07-at-9-18-17-am\/\" data-orig-file=\"https:\/\/eldiariodesanpedro.com.ar\/sitio\/wp-content\/uploads\/2019\/05\/WhatsApp-Image-2019-05-07-at-9.18.17-AM.jpeg\" data-orig-size=\"1280,720\" data-comments-opened=\"1\" data-image-meta=\"{&quot;aperture&quot;:&quot;0&quot;,&quot;credit&quot;:&quot;&quot;,&quot;camera&quot;:&quot;&quot;,&quot;caption&quot;:&quot;&quot;,&quot;created_timestamp&quot;:&quot;0&quot;,&quot;copyright&quot;:&quot;&quot;,&quot;focal_length&quot;:&quot;0&quot;,&quot;iso&quot;:&quot;0&quot;,&quot;shutter_speed&quot;:&quot;0&quot;,&quot;title&quot;:&quot;&quot;,&quot;orientation&quot;:&quot;0&quot;}\" data-image-title=\"WhatsApp Image 2019-05-07 at 9.18.17 AM\" data-image-description=\"\" data-image-caption=\"\" data-large-file=\"https:\/\/eldiariodesanpedro.com.ar\/sitio\/wp-content\/uploads\/2019\/05\/WhatsApp-Image-2019-05-07-at-9.18.17-AM-1024x576.jpeg\" data-src=\"https:\/\/i0.wp.com\/eldiariodesanpedro.com.ar\/sitio\/wp-content\/uploads\/2019\/05\/WhatsApp-Image-2019-05-07-at-9.18.17-AM.jpeg?fit=660%2C371\" alt=\"\" data-id=\"51545\" data-link=\"https:\/\/eldiariodesanpedro.com.ar\/sitio\/?attachment_id=51545\" class=\"wp-image-51545 lazyload\" data-srcset=\"https:\/\/eldiariodesanpedro.com.ar\/sitio\/wp-content\/uploads\/2019\/05\/WhatsApp-Image-2019-05-07-at-9.18.17-AM.jpeg 1280w, https:\/\/eldiariodesanpedro.com.ar\/sitio\/wp-content\/uploads\/2019\/05\/WhatsApp-Image-2019-05-07-at-9.18.17-AM-300x169.jpeg 300w, https:\/\/eldiariodesanpedro.com.ar\/sitio\/wp-content\/uploads\/2019\/05\/WhatsApp-Image-2019-05-07-at-9.18.17-AM-768x432.jpeg 768w, https:\/\/eldiariodesanpedro.com.ar\/sitio\/wp-content\/uploads\/2019\/05\/WhatsApp-Image-2019-05-07-at-9.18.17-AM-1024x576.jpeg 1024w\" data-sizes=\"(max-width: 1280px) 100vw, 1280px\" src=\"data:image\/svg+xml;base64,PHN2ZyB3aWR0aD0iMSIgaGVpZ2h0PSIxIiB4bWxucz0iaHR0cDovL3d3dy53My5vcmcvMjAwMC9zdmciPjwvc3ZnPg==\" style=\"--smush-placeholder-width: 1280px; --smush-placeholder-aspect-ratio: 1280\/720;\" \/><\/figure><\/li><li class=\"blocks-gallery-item\"><figure><img decoding=\"async\" width=\"1150\" height=\"1280\" data-attachment-id=\"51546\" data-permalink=\"https:\/\/eldiariodesanpedro.com.ar\/sitio\/un-aprehendido-por-tenencia-de-marihuana\/whatsapp-image-2019-05-07-at-9-18-18-am\/\" data-orig-file=\"https:\/\/eldiariodesanpedro.com.ar\/sitio\/wp-content\/uploads\/2019\/05\/WhatsApp-Image-2019-05-07-at-9.18.18-AM.jpeg\" data-orig-size=\"1150,1280\" data-comments-opened=\"1\" data-image-meta=\"{&quot;aperture&quot;:&quot;0&quot;,&quot;credit&quot;:&quot;&quot;,&quot;camera&quot;:&quot;&quot;,&quot;caption&quot;:&quot;&quot;,&quot;created_timestamp&quot;:&quot;0&quot;,&quot;copyright&quot;:&quot;&quot;,&quot;focal_length&quot;:&quot;0&quot;,&quot;iso&quot;:&quot;0&quot;,&quot;shutter_speed&quot;:&quot;0&quot;,&quot;title&quot;:&quot;&quot;,&quot;orientation&quot;:&quot;0&quot;}\" data-image-title=\"WhatsApp Image 2019-05-07 at 9.18.18 AM\" data-image-description=\"\" data-image-caption=\"\" data-large-file=\"https:\/\/eldiariodesanpedro.com.ar\/sitio\/wp-content\/uploads\/2019\/05\/WhatsApp-Image-2019-05-07-at-9.18.18-AM-920x1024.jpeg\" data-src=\"https:\/\/i2.wp.com\/eldiariodesanpedro.com.ar\/sitio\/wp-content\/uploads\/2019\/05\/WhatsApp-Image-2019-05-07-at-9.18.18-AM.jpeg?fit=660%2C735\" alt=\"\" data-id=\"51546\" data-link=\"https:\/\/eldiariodesanpedro.com.ar\/sitio\/?attachment_id=51546\" class=\"wp-image-51546 lazyload\" data-srcset=\"https:\/\/eldiariodesanpedro.com.ar\/sitio\/wp-content\/uploads\/2019\/05\/WhatsApp-Image-2019-05-07-at-9.18.18-AM.jpeg 1150w, https:\/\/eldiariodesanpedro.com.ar\/sitio\/wp-content\/uploads\/2019\/05\/WhatsApp-Image-2019-05-07-at-9.18.18-AM-270x300.jpeg 270w, https:\/\/eldiariodesanpedro.com.ar\/sitio\/wp-content\/uploads\/2019\/05\/WhatsApp-Image-2019-05-07-at-9.18.18-AM-768x855.jpeg 768w, https:\/\/eldiariodesanpedro.com.ar\/sitio\/wp-content\/uploads\/2019\/05\/WhatsApp-Image-2019-05-07-at-9.18.18-AM-920x1024.jpeg 920w\" data-sizes=\"(max-width: 1150px) 100vw, 1150px\" src=\"data:image\/svg+xml;base64,PHN2ZyB3aWR0aD0iMSIgaGVpZ2h0PSIxIiB4bWxucz0iaHR0cDovL3d3dy53My5vcmcvMjAwMC9zdmciPjwvc3ZnPg==\" style=\"--smush-placeholder-width: 1150px; --smush-placeholder-aspect-ratio: 1150\/1280;\" \/><\/figure><\/li><\/ul>\n","protected":false},"excerpt":{"rendered":"<p>El joven de 23 a\u00f1os de edad, se encontraba en la v\u00eda publica cuando efectivos policiales que estaban en recorrida, constatan al identificarlo, que tenia en su poder un envoltorio de sustancia de marihuana. El episodio se produjo en un marco de operativo din\u00e1mico, en intersecci\u00f3n de las calles Mitre y Cucit. Personal policial procedi\u00f3 [&hellip;]<\/p>\n","protected":false},"author":4,"featured_media":51544,"comment_status":"open","ping_status":"closed","sticky":false,"template":"","format":"standard","meta":{"om_disable_all_campaigns":false,"_jetpack_memberships_contains_paid_content":false,"footnotes":""},"categories":[2,103],"tags":[],"class_list":["post-51543","post","type-post","status-publish","format-standard","has-post-thumbnail","hentry","category-locales","category-policiales-locales"],"aioseo_notices":[],"gutentor_comment":0,"jetpack_featured_media_url":"https:\/\/eldiariodesanpedro.com.ar\/sitio\/wp-content\/uploads\/2019\/05\/WhatsApp-Image-2019-05-07-at-9.18.16-AM.jpeg","jetpack_shortlink":"https:\/\/wp.me\/p6RhLt-dpl","jetpack_sharing_enabled":true,"_links":{"self":[{"href":"https:\/\/eldiariodesanpedro.com.ar\/sitio\/wp-json\/wp\/v2\/posts\/51543","targetHints":{"allow":["GET"]}}],"collection":[{"href":"https:\/\/eldiariodesanpedro.com.ar\/sitio\/wp-json\/wp\/v2\/posts"}],"about":[{"href":"https:\/\/eldiariodesanpedro.com.ar\/sitio\/wp-json\/wp\/v2\/types\/post"}],"author":[{"embeddable":true,"href":"https:\/\/eldiariodesanpedro.com.ar\/sitio\/wp-json\/wp\/v2\/users\/4"}],"replies":[{"embeddable":true,"href":"https:\/\/eldiariodesanpedro.com.ar\/sitio\/wp-json\/wp\/v2\/comments?post=51543"}],"version-history":[{"count":1,"href":"https:\/\/eldiariodesanpedro.com.ar\/sitio\/wp-json\/wp\/v2\/posts\/51543\/revisions"}],"predecessor-version":[{"id":51547,"href":"https:\/\/eldiariodesanpedro.com.ar\/sitio\/wp-json\/wp\/v2\/posts\/51543\/revisions\/51547"}],"wp:featuredmedia":[{"embeddable":true,"href":"https:\/\/eldiariodesanpedro.com.ar\/sitio\/wp-json\/wp\/v2\/media\/51544"}],"wp:attachment":[{"href":"https:\/\/eldiariodesanpedro.com.ar\/sitio\/wp-json\/wp\/v2\/media?parent=51543"}],"wp:term":[{"taxonomy":"category","embeddable":true,"href":"https:\/\/eldiariodesanpedro.com.ar\/sitio\/wp-json\/wp\/v2\/categories?post=51543"},{"taxonomy":"post_tag","embeddable":true,"href":"https:\/\/eldiariodesanpedro.com.ar\/sitio\/wp-json\/wp\/v2\/tags?post=51543"}],"curies":[{"name":"wp","href":"https:\/\/api.w.org\/{rel}","templated":true}]}}