{"id":51537,"date":"2019-05-07T09:27:26","date_gmt":"2019-05-07T12:27:26","guid":{"rendered":"https:\/\/eldiariodesanpedro.com.ar\/sitio\/?p=51537"},"modified":"2019-05-07T09:27:36","modified_gmt":"2019-05-07T12:27:36","slug":"violencia-de-genero-la-golpeo-en-el-rostro","status":"publish","type":"post","link":"https:\/\/eldiariodesanpedro.com.ar\/sitio\/violencia-de-genero-la-golpeo-en-el-rostro\/","title":{"rendered":"Violencia de Genero: La golpeo en el rostro"},"content":{"rendered":"<!-- VideographyWP Plugin Message: Automatic video embedding prevented by plugin options. -->\n\n<p>Sucedi\u00f3 este lunes por la tarde cuando un sujeto intercepta a su ex pareja, v\u00eda publica, y le propina un golpe de pu\u00f1o en el rostro. Fue aprehendido.<\/p>\n\n\n\n<p>El hecho se produjo en intersecci\u00f3n de las calles Benefactora Sampedrina y Gral. Lavalle, cuando el personal policial es alertado tras estar produci\u00e9ndose un hecho de violencia de genero.<\/p>\n\n\n\n<p>Tras r\u00e1pido accionar llegan al lugar y logran aprehender a un masculino de 25 a\u00f1os de edad, que momentos antes hab\u00eda agredido a su ex pareja, golpe\u00e1ndola en el rostro.<\/p>\n\n\n\n<p>La victima, de 29, es asistida en la Comisaria de la Mujer.<\/p>\n","protected":false},"excerpt":{"rendered":"<p>Sucedi\u00f3 este lunes por la tarde cuando un sujeto intercepta a su ex pareja, v\u00eda publica, y le propina un golpe de pu\u00f1o en el rostro. Fue aprehendido. El hecho se produjo en intersecci\u00f3n de las calles Benefactora Sampedrina y Gral. Lavalle, cuando el personal policial es alertado tras estar produci\u00e9ndose un hecho de violencia [&hellip;]<\/p>\n","protected":false},"author":4,"featured_media":51538,"comment_status":"open","ping_status":"closed","sticky":false,"template":"","format":"standard","meta":{"om_disable_all_campaigns":false,"_jetpack_memberships_contains_paid_content":false,"footnotes":""},"categories":[50,2,103],"tags":[],"class_list":["post-51537","post","type-post","status-publish","format-standard","has-post-thumbnail","hentry","category-destacadas","category-locales","category-policiales-locales"],"aioseo_notices":[],"gutentor_comment":0,"jetpack_featured_media_url":"https:\/\/eldiariodesanpedro.com.ar\/sitio\/wp-content\/uploads\/2019\/05\/WhatsApp-Image-2019-05-07-at-9.18.05-AM.jpeg","jetpack_shortlink":"https:\/\/wp.me\/p6RhLt-dpf","jetpack_sharing_enabled":true,"_links":{"self":[{"href":"https:\/\/eldiariodesanpedro.com.ar\/sitio\/wp-json\/wp\/v2\/posts\/51537","targetHints":{"allow":["GET"]}}],"collection":[{"href":"https:\/\/eldiariodesanpedro.com.ar\/sitio\/wp-json\/wp\/v2\/posts"}],"about":[{"href":"https:\/\/eldiariodesanpedro.com.ar\/sitio\/wp-json\/wp\/v2\/types\/post"}],"author":[{"embeddable":true,"href":"https:\/\/eldiariodesanpedro.com.ar\/sitio\/wp-json\/wp\/v2\/users\/4"}],"replies":[{"embeddable":true,"href":"https:\/\/eldiariodesanpedro.com.ar\/sitio\/wp-json\/wp\/v2\/comments?post=51537"}],"version-history":[{"count":1,"href":"https:\/\/eldiariodesanpedro.com.ar\/sitio\/wp-json\/wp\/v2\/posts\/51537\/revisions"}],"predecessor-version":[{"id":51539,"href":"https:\/\/eldiariodesanpedro.com.ar\/sitio\/wp-json\/wp\/v2\/posts\/51537\/revisions\/51539"}],"wp:featuredmedia":[{"embeddable":true,"href":"https:\/\/eldiariodesanpedro.com.ar\/sitio\/wp-json\/wp\/v2\/media\/51538"}],"wp:attachment":[{"href":"https:\/\/eldiariodesanpedro.com.ar\/sitio\/wp-json\/wp\/v2\/media?parent=51537"}],"wp:term":[{"taxonomy":"category","embeddable":true,"href":"https:\/\/eldiariodesanpedro.com.ar\/sitio\/wp-json\/wp\/v2\/categories?post=51537"},{"taxonomy":"post_tag","embeddable":true,"href":"https:\/\/eldiariodesanpedro.com.ar\/sitio\/wp-json\/wp\/v2\/tags?post=51537"}],"curies":[{"name":"wp","href":"https:\/\/api.w.org\/{rel}","templated":true}]}}