{"id":51521,"date":"2019-05-06T20:17:13","date_gmt":"2019-05-06T23:17:13","guid":{"rendered":"https:\/\/eldiariodesanpedro.com.ar\/sitio\/?p=51521"},"modified":"2019-05-06T20:20:43","modified_gmt":"2019-05-06T23:20:43","slug":"un-aprehendido-por-portacion-de-arma-de-fuego","status":"publish","type":"post","link":"https:\/\/eldiariodesanpedro.com.ar\/sitio\/un-aprehendido-por-portacion-de-arma-de-fuego\/","title":{"rendered":"Un aprehendido por portaci\u00f3n de arma de fuego"},"content":{"rendered":"<!-- VideographyWP Plugin Message: Automatic video embedding prevented by plugin options. -->\n\n<p>En la tarde noche de este lunes, personal de Jefatura Departamental San Nicol\u00e1s GAD, en marco de operativo  dispuesto por superioridad, procedi\u00f3 a la aprehensi\u00f3n de un joven de 25 a\u00f1os de edad, quien pose\u00eda pedido de captura activo.<\/p>\n\n\n\n<p>El sujeto fue aprehendido en interseccion de las calles Balcarce e Ituzaingo, luego de registrar su identidad en el sistema inform\u00e1tico policial.<\/p>\n\n\n\n<p>Posee un pedido por tenencia de portaci\u00f3n, arma de fuego civil,  IPP 16-01001494-18\/00,  con fecha del 3 de mayo de este a\u00f1o.<\/p>\n\n\n\n<p>Es Trasladado a la comisar\u00eda con solicitud de la fiscal\u00eda N\u00b05 del Dr Manso.<\/p>\n\n\n\n<p><\/p>\n\n\n\n<figure class=\"wp-block-image\"><img decoding=\"async\" width=\"1280\" height=\"1048\" data-attachment-id=\"51522\" data-permalink=\"https:\/\/eldiariodesanpedro.com.ar\/sitio\/un-aprehendido-por-portacion-de-arma-de-fuego\/img-20190506-wa0072-2\/\" data-orig-file=\"https:\/\/eldiariodesanpedro.com.ar\/sitio\/wp-content\/uploads\/2019\/05\/IMG-20190506-WA0072-1.jpg\" data-orig-size=\"1280,1048\" data-comments-opened=\"1\" data-image-meta=\"{&quot;aperture&quot;:&quot;0&quot;,&quot;credit&quot;:&quot;&quot;,&quot;camera&quot;:&quot;&quot;,&quot;caption&quot;:&quot;&quot;,&quot;created_timestamp&quot;:&quot;0&quot;,&quot;copyright&quot;:&quot;&quot;,&quot;focal_length&quot;:&quot;0&quot;,&quot;iso&quot;:&quot;0&quot;,&quot;shutter_speed&quot;:&quot;0&quot;,&quot;title&quot;:&quot;&quot;,&quot;orientation&quot;:&quot;0&quot;}\" data-image-title=\"IMG-20190506-WA0072\" data-image-description=\"\" data-image-caption=\"\" data-large-file=\"https:\/\/eldiariodesanpedro.com.ar\/sitio\/wp-content\/uploads\/2019\/05\/IMG-20190506-WA0072-1-1024x838.jpg\" data-src=\"https:\/\/i0.wp.com\/eldiariodesanpedro.com.ar\/sitio\/wp-content\/uploads\/2019\/05\/IMG-20190506-WA0072-1.jpg?fit=660%2C540\" alt=\"\" class=\"wp-image-51522 lazyload\" data-srcset=\"https:\/\/eldiariodesanpedro.com.ar\/sitio\/wp-content\/uploads\/2019\/05\/IMG-20190506-WA0072-1.jpg 1280w, https:\/\/eldiariodesanpedro.com.ar\/sitio\/wp-content\/uploads\/2019\/05\/IMG-20190506-WA0072-1-300x246.jpg 300w, https:\/\/eldiariodesanpedro.com.ar\/sitio\/wp-content\/uploads\/2019\/05\/IMG-20190506-WA0072-1-768x629.jpg 768w, https:\/\/eldiariodesanpedro.com.ar\/sitio\/wp-content\/uploads\/2019\/05\/IMG-20190506-WA0072-1-1024x838.jpg 1024w\" data-sizes=\"(max-width: 1280px) 100vw, 1280px\" src=\"data:image\/svg+xml;base64,PHN2ZyB3aWR0aD0iMSIgaGVpZ2h0PSIxIiB4bWxucz0iaHR0cDovL3d3dy53My5vcmcvMjAwMC9zdmciPjwvc3ZnPg==\" style=\"--smush-placeholder-width: 1280px; --smush-placeholder-aspect-ratio: 1280\/1048;\" \/><\/figure>\n","protected":false},"excerpt":{"rendered":"<p>En la tarde noche de este lunes, personal de Jefatura Departamental San Nicol\u00e1s GAD, en marco de operativo dispuesto por superioridad, procedi\u00f3 a la aprehensi\u00f3n de un joven de 25 a\u00f1os de edad, quien pose\u00eda pedido de captura activo. El sujeto fue aprehendido en interseccion de las calles Balcarce e Ituzaingo, luego de registrar su [&hellip;]<\/p>\n","protected":false},"author":4,"featured_media":0,"comment_status":"open","ping_status":"closed","sticky":false,"template":"","format":"standard","meta":{"om_disable_all_campaigns":false,"_jetpack_memberships_contains_paid_content":false,"footnotes":""},"categories":[2],"tags":[],"class_list":["post-51521","post","type-post","status-publish","format-standard","hentry","category-locales"],"aioseo_notices":[],"gutentor_comment":0,"jetpack_featured_media_url":"","jetpack_shortlink":"https:\/\/wp.me\/p6RhLt-doZ","jetpack_sharing_enabled":true,"_links":{"self":[{"href":"https:\/\/eldiariodesanpedro.com.ar\/sitio\/wp-json\/wp\/v2\/posts\/51521","targetHints":{"allow":["GET"]}}],"collection":[{"href":"https:\/\/eldiariodesanpedro.com.ar\/sitio\/wp-json\/wp\/v2\/posts"}],"about":[{"href":"https:\/\/eldiariodesanpedro.com.ar\/sitio\/wp-json\/wp\/v2\/types\/post"}],"author":[{"embeddable":true,"href":"https:\/\/eldiariodesanpedro.com.ar\/sitio\/wp-json\/wp\/v2\/users\/4"}],"replies":[{"embeddable":true,"href":"https:\/\/eldiariodesanpedro.com.ar\/sitio\/wp-json\/wp\/v2\/comments?post=51521"}],"version-history":[{"count":2,"href":"https:\/\/eldiariodesanpedro.com.ar\/sitio\/wp-json\/wp\/v2\/posts\/51521\/revisions"}],"predecessor-version":[{"id":51524,"href":"https:\/\/eldiariodesanpedro.com.ar\/sitio\/wp-json\/wp\/v2\/posts\/51521\/revisions\/51524"}],"wp:attachment":[{"href":"https:\/\/eldiariodesanpedro.com.ar\/sitio\/wp-json\/wp\/v2\/media?parent=51521"}],"wp:term":[{"taxonomy":"category","embeddable":true,"href":"https:\/\/eldiariodesanpedro.com.ar\/sitio\/wp-json\/wp\/v2\/categories?post=51521"},{"taxonomy":"post_tag","embeddable":true,"href":"https:\/\/eldiariodesanpedro.com.ar\/sitio\/wp-json\/wp\/v2\/tags?post=51521"}],"curies":[{"name":"wp","href":"https:\/\/api.w.org\/{rel}","templated":true}]}}