{"id":51491,"date":"2019-05-06T13:07:19","date_gmt":"2019-05-06T16:07:19","guid":{"rendered":"https:\/\/eldiariodesanpedro.com.ar\/sitio\/?p=51491"},"modified":"2019-05-06T13:07:29","modified_gmt":"2019-05-06T16:07:29","slug":"san-nicolas-fuerte-colision-en-ruta-188-entre-un-colectivo-y-un-auto","status":"publish","type":"post","link":"https:\/\/eldiariodesanpedro.com.ar\/sitio\/san-nicolas-fuerte-colision-en-ruta-188-entre-un-colectivo-y-un-auto\/","title":{"rendered":"SAN NICOL\u00c1S: Fuerte colisi\u00f3n en Ruta 188 entre un colectivo y un auto"},"content":{"rendered":"<!-- VideographyWP Plugin Message: Automatic video embedding prevented by plugin options. -->\n\n<p>\n\nEn horas de la ma\u00f1ana de este domingo, alrededor de las 8:30, personal policial del Comando Patrulla, Destacamento General Rojo y Vialidad San Nicol\u00e1s debieron intervenir en un siniestro ocurrido sobre la Ruta 188, kil\u00f3metro 15.<\/p>\n\n\n\n<p>Los veh\u00edculos involucrados fueron un colectivo de larga distancia de la empresa Argentina y un auto Fiat Punto.<br><br>El conductor del auto fue quien result\u00f3 herido y debi\u00f3 ser trasladado hasta el Hospital San Felipe. Se trata de un joven de 32 a\u00f1os de apellido Landoni, quien sufri\u00f3 lesiones en su mano derecha.<br><br>En tanto, que el chofer del colectivo, un hombre de 36 a\u00f1os, result\u00f3 ileso. No llevaba pasajeros al momento del choque.<br><br>Una de la manos de circulaci\u00f3n fue reducida hasta mover el veh\u00edculo de mayor porte del asfalto.<br><br>Investiga la Fiscal\u00eda N\u00b0 2, a cargo de la Dra. Padulo. Se labraron actuaciones por Lesiones Culposas.<\/p>\n\n\n\n<p>Fuente: Diario El Informante<\/p>\n","protected":false},"excerpt":{"rendered":"<p>En horas de la ma\u00f1ana de este domingo, alrededor de las 8:30, personal policial del Comando Patrulla, Destacamento General Rojo y Vialidad San Nicol\u00e1s debieron intervenir en un siniestro ocurrido sobre la Ruta 188, kil\u00f3metro 15. Los veh\u00edculos involucrados fueron un colectivo de larga distancia de la empresa Argentina y un auto Fiat Punto. El [&hellip;]<\/p>\n","protected":false},"author":4,"featured_media":51492,"comment_status":"open","ping_status":"closed","sticky":false,"template":"","format":"standard","meta":{"om_disable_all_campaigns":false,"_jetpack_memberships_contains_paid_content":false,"footnotes":""},"categories":[621],"tags":[],"class_list":["post-51491","post","type-post","status-publish","format-standard","has-post-thumbnail","hentry","category-regionales"],"aioseo_notices":[],"gutentor_comment":0,"jetpack_featured_media_url":"https:\/\/eldiariodesanpedro.com.ar\/sitio\/wp-content\/uploads\/2019\/05\/no_rr7xvzej1on85j6cole.jpg","jetpack_shortlink":"https:\/\/wp.me\/p6RhLt-dov","jetpack_sharing_enabled":true,"_links":{"self":[{"href":"https:\/\/eldiariodesanpedro.com.ar\/sitio\/wp-json\/wp\/v2\/posts\/51491","targetHints":{"allow":["GET"]}}],"collection":[{"href":"https:\/\/eldiariodesanpedro.com.ar\/sitio\/wp-json\/wp\/v2\/posts"}],"about":[{"href":"https:\/\/eldiariodesanpedro.com.ar\/sitio\/wp-json\/wp\/v2\/types\/post"}],"author":[{"embeddable":true,"href":"https:\/\/eldiariodesanpedro.com.ar\/sitio\/wp-json\/wp\/v2\/users\/4"}],"replies":[{"embeddable":true,"href":"https:\/\/eldiariodesanpedro.com.ar\/sitio\/wp-json\/wp\/v2\/comments?post=51491"}],"version-history":[{"count":1,"href":"https:\/\/eldiariodesanpedro.com.ar\/sitio\/wp-json\/wp\/v2\/posts\/51491\/revisions"}],"predecessor-version":[{"id":51493,"href":"https:\/\/eldiariodesanpedro.com.ar\/sitio\/wp-json\/wp\/v2\/posts\/51491\/revisions\/51493"}],"wp:featuredmedia":[{"embeddable":true,"href":"https:\/\/eldiariodesanpedro.com.ar\/sitio\/wp-json\/wp\/v2\/media\/51492"}],"wp:attachment":[{"href":"https:\/\/eldiariodesanpedro.com.ar\/sitio\/wp-json\/wp\/v2\/media?parent=51491"}],"wp:term":[{"taxonomy":"category","embeddable":true,"href":"https:\/\/eldiariodesanpedro.com.ar\/sitio\/wp-json\/wp\/v2\/categories?post=51491"},{"taxonomy":"post_tag","embeddable":true,"href":"https:\/\/eldiariodesanpedro.com.ar\/sitio\/wp-json\/wp\/v2\/tags?post=51491"}],"curies":[{"name":"wp","href":"https:\/\/api.w.org\/{rel}","templated":true}]}}