{"id":51488,"date":"2019-05-06T13:05:48","date_gmt":"2019-05-06T16:05:48","guid":{"rendered":"https:\/\/eldiariodesanpedro.com.ar\/sitio\/?p=51488"},"modified":"2019-05-06T13:06:00","modified_gmt":"2019-05-06T16:06:00","slug":"baradero-robaba-en-una-tienda-y-lo-atraparon","status":"publish","type":"post","link":"https:\/\/eldiariodesanpedro.com.ar\/sitio\/baradero-robaba-en-una-tienda-y-lo-atraparon\/","title":{"rendered":"BARADERO: Robaba en una tienda y lo atraparon"},"content":{"rendered":"<!-- VideographyWP Plugin Message: Automatic video embedding prevented by plugin options. -->\n\n<p>En horas de la tarde de ayer domingo, un delincuente ingreso al local de venta de indumentaria conocido como CDL en San Mart\u00edn al 1300.<\/p>\n\n\n\n<p>La polic\u00eda acudi\u00f3 al lugar por el aviso de la empresa de alarma privada con la que cuenta el comercio.<\/p>\n\n\n\n<p>El malviviente, de 18 a\u00f1os de edad, ingres\u00f3 por una peque\u00f1a ventana ubicada en el costado del local por donde se ingresa a la cochera.<\/p>\n\n\n\n<p>La fuerza policial pudo detenerlo dentro del comercio y se le secuestr\u00f3 en su poder 1550 pesos pertenecientes a la caja registradora.<\/p>\n\n\n\n<p>Fuente: Baradero Te Informa<\/p>\n","protected":false},"excerpt":{"rendered":"<p>En horas de la tarde de ayer domingo, un delincuente ingreso al local de venta de indumentaria conocido como CDL en San Mart\u00edn al 1300. La polic\u00eda acudi\u00f3 al lugar por el aviso de la empresa de alarma privada con la que cuenta el comercio. El malviviente, de 18 a\u00f1os de edad, ingres\u00f3 por una [&hellip;]<\/p>\n","protected":false},"author":4,"featured_media":51489,"comment_status":"open","ping_status":"closed","sticky":false,"template":"","format":"standard","meta":{"om_disable_all_campaigns":false,"_jetpack_memberships_contains_paid_content":false,"footnotes":""},"categories":[621],"tags":[],"class_list":["post-51488","post","type-post","status-publish","format-standard","has-post-thumbnail","hentry","category-regionales"],"aioseo_notices":[],"gutentor_comment":0,"jetpack_featured_media_url":"https:\/\/eldiariodesanpedro.com.ar\/sitio\/wp-content\/uploads\/2019\/05\/cdl.jpg","jetpack_shortlink":"https:\/\/wp.me\/p6RhLt-dos","jetpack_sharing_enabled":true,"_links":{"self":[{"href":"https:\/\/eldiariodesanpedro.com.ar\/sitio\/wp-json\/wp\/v2\/posts\/51488","targetHints":{"allow":["GET"]}}],"collection":[{"href":"https:\/\/eldiariodesanpedro.com.ar\/sitio\/wp-json\/wp\/v2\/posts"}],"about":[{"href":"https:\/\/eldiariodesanpedro.com.ar\/sitio\/wp-json\/wp\/v2\/types\/post"}],"author":[{"embeddable":true,"href":"https:\/\/eldiariodesanpedro.com.ar\/sitio\/wp-json\/wp\/v2\/users\/4"}],"replies":[{"embeddable":true,"href":"https:\/\/eldiariodesanpedro.com.ar\/sitio\/wp-json\/wp\/v2\/comments?post=51488"}],"version-history":[{"count":1,"href":"https:\/\/eldiariodesanpedro.com.ar\/sitio\/wp-json\/wp\/v2\/posts\/51488\/revisions"}],"predecessor-version":[{"id":51490,"href":"https:\/\/eldiariodesanpedro.com.ar\/sitio\/wp-json\/wp\/v2\/posts\/51488\/revisions\/51490"}],"wp:featuredmedia":[{"embeddable":true,"href":"https:\/\/eldiariodesanpedro.com.ar\/sitio\/wp-json\/wp\/v2\/media\/51489"}],"wp:attachment":[{"href":"https:\/\/eldiariodesanpedro.com.ar\/sitio\/wp-json\/wp\/v2\/media?parent=51488"}],"wp:term":[{"taxonomy":"category","embeddable":true,"href":"https:\/\/eldiariodesanpedro.com.ar\/sitio\/wp-json\/wp\/v2\/categories?post=51488"},{"taxonomy":"post_tag","embeddable":true,"href":"https:\/\/eldiariodesanpedro.com.ar\/sitio\/wp-json\/wp\/v2\/tags?post=51488"}],"curies":[{"name":"wp","href":"https:\/\/api.w.org\/{rel}","templated":true}]}}