{"id":51485,"date":"2019-05-06T13:03:56","date_gmt":"2019-05-06T16:03:56","guid":{"rendered":"https:\/\/eldiariodesanpedro.com.ar\/sitio\/?p=51485"},"modified":"2019-05-06T13:04:05","modified_gmt":"2019-05-06T16:04:05","slug":"campana-el-municipio-debe-garantizar-a-quienes-lo-necesiten-el-acceso-al-cannabis-medicinal","status":"publish","type":"post","link":"https:\/\/eldiariodesanpedro.com.ar\/sitio\/campana-el-municipio-debe-garantizar-a-quienes-lo-necesiten-el-acceso-al-cannabis-medicinal\/","title":{"rendered":"CAMPANA: \u201cEl municipio debe garantizar a quienes lo necesiten el acceso al cannabis medicinal\u201d"},"content":{"rendered":"<!-- VideographyWP Plugin Message: Automatic video embedding prevented by plugin options. -->\n\n<p>El referente de Vamos Campana se reuni\u00f3 con el Doctor en Ciencias Fisiol\u00f3gicas, Luis Acosta, para dialogar sobre el proyecto de producci\u00f3n de cannabis medicinal que iniciar, mediante el INTA, para que est\u00e9 al alcance de aquellos vecinos que lo necesiten. <\/p>\n\n\n\n<p>\n\nAlejo Sarna, dirigente de Vamos Campana, mantuvo un encuentro con Luis Acosta, Doctor en Fisiolog\u00eda y Licenciado en Biolog\u00eda, donde comenzaron a trabajar la elaboraci\u00f3n de un proyecto para la producci\u00f3n de cannabis medicinal en el municipio. En relaci\u00f3n a ello, el Dr. Acosta sostuvo que \u00abse ha demostrado que el uso del aceite de cannabis ha mejorado la calidad de muchas personas, sobretodo de personas mayores entre 60 y 80 a\u00f1os. El objetivo final es el autocultivo, de esta forma uno tiene la planta y puede hacer tintura de cannabis para paliar el dolor\u201d, se\u00f1al\u00f3 Luis Acosta.<\/p>\n\n\n\n<p>Seg\u00fan detall\u00f3 el Doctor, existe la Ley 27.350, que regula el uso de cannabis medicinal y sus derivados, que habilita la plantaci\u00f3n a trav\u00e9s del Instituto Nacional de Tecnolog\u00eda Agropecuaria (INTA) y el CONICET para realizar estudios en el uso medicinal para la cannabis. \u201cLamentablemente, el presidente Mauricio Macri vet\u00f3 ciertos art\u00edculos que ser\u00edan \u201cesp\u00edritu de la ley\u201d generando que la Secretaria de Salud a trav\u00e9s de la ANMAT se encargue de la importaci\u00f3n del aceite s\u00f3lo para epilepsia refractaria\u201d. La situaci\u00f3n de importaci\u00f3n, se\u00f1al\u00f3 el Doctor, \u201cya no es tan f\u00e1cil\u201d. Adem\u00e1s agreg\u00f3: \u201cesto genera un mercado negro que florece y entiendo que el estado deber\u00eda responder a todas aquellas personas a las que el cannabis les funciona, que compran por distintas v\u00edas y, sin saberlo, pueden recibir productos contaminados. El Estado deber\u00eda controlar el consumo y no dejarlo en manos de narcotraficantes\u201d.&nbsp;<\/p>\n\n\n\n<p>El joven referente, a\u00f1adi\u00f3: \u201cDesde nuestro espacio, queremos instalar el tema para que se incluya en la agenda de la dirigencia pol\u00edtica de Campana. De esta manera, creemos, se va a poder ayudar a mejorar la salud de los vecinos y las vecinas\u201d. El proyecto discutido busca iniciar, mediante el INTA, un cultivo de cannabis en el municipio de Campana que sirva para la producci\u00f3n de mano de obra, la generaci\u00f3n de sustancias \u00fatiles para experimentos en el Hospital San Jos\u00e9, para la utilizaci\u00f3n de las fibras y, principalmente, para la producci\u00f3n de aceite de cannabis de uso medicinal para que los m\u00e9dicos comiencen a utilizarlo.<\/p>\n\n\n\n<p>Respecto a esto, Alejo Sarna concluy\u00f3: \u201cLa dirigencia pol\u00edtica tiene que animarse a a\u00f1adir a su agenda el tema del uso de cannabis medicinal en funci\u00f3n de brindarle a la poblaci\u00f3n una salud p\u00fablica de calidad. Creemos que el municipio tiene que garantizarle a los vecinos que lo necesiten el acceso al cannabis medicinal, y el proyecto sobre el cual estamos trabajando va en ese sentido\u201d. <\/p>\n\n\n\n<p>Fuente: Campana Noticias<\/p>\n","protected":false},"excerpt":{"rendered":"<p>El referente de Vamos Campana se reuni\u00f3 con el Doctor en Ciencias Fisiol\u00f3gicas, Luis Acosta, para dialogar sobre el proyecto de producci\u00f3n de cannabis medicinal que iniciar, mediante el INTA, para que est\u00e9 al alcance de aquellos vecinos que lo necesiten. Alejo Sarna, dirigente de Vamos Campana, mantuvo un encuentro con Luis Acosta, Doctor en [&hellip;]<\/p>\n","protected":false},"author":4,"featured_media":51486,"comment_status":"open","ping_status":"closed","sticky":false,"template":"","format":"standard","meta":{"om_disable_all_campaigns":false,"_jetpack_memberships_contains_paid_content":false,"footnotes":""},"categories":[621],"tags":[],"class_list":["post-51485","post","type-post","status-publish","format-standard","has-post-thumbnail","hentry","category-regionales"],"aioseo_notices":[],"gutentor_comment":0,"jetpack_featured_media_url":"https:\/\/eldiariodesanpedro.com.ar\/sitio\/wp-content\/uploads\/2019\/05\/20190505085620.jpg","jetpack_shortlink":"https:\/\/wp.me\/p6RhLt-dop","jetpack_sharing_enabled":true,"_links":{"self":[{"href":"https:\/\/eldiariodesanpedro.com.ar\/sitio\/wp-json\/wp\/v2\/posts\/51485","targetHints":{"allow":["GET"]}}],"collection":[{"href":"https:\/\/eldiariodesanpedro.com.ar\/sitio\/wp-json\/wp\/v2\/posts"}],"about":[{"href":"https:\/\/eldiariodesanpedro.com.ar\/sitio\/wp-json\/wp\/v2\/types\/post"}],"author":[{"embeddable":true,"href":"https:\/\/eldiariodesanpedro.com.ar\/sitio\/wp-json\/wp\/v2\/users\/4"}],"replies":[{"embeddable":true,"href":"https:\/\/eldiariodesanpedro.com.ar\/sitio\/wp-json\/wp\/v2\/comments?post=51485"}],"version-history":[{"count":1,"href":"https:\/\/eldiariodesanpedro.com.ar\/sitio\/wp-json\/wp\/v2\/posts\/51485\/revisions"}],"predecessor-version":[{"id":51487,"href":"https:\/\/eldiariodesanpedro.com.ar\/sitio\/wp-json\/wp\/v2\/posts\/51485\/revisions\/51487"}],"wp:featuredmedia":[{"embeddable":true,"href":"https:\/\/eldiariodesanpedro.com.ar\/sitio\/wp-json\/wp\/v2\/media\/51486"}],"wp:attachment":[{"href":"https:\/\/eldiariodesanpedro.com.ar\/sitio\/wp-json\/wp\/v2\/media?parent=51485"}],"wp:term":[{"taxonomy":"category","embeddable":true,"href":"https:\/\/eldiariodesanpedro.com.ar\/sitio\/wp-json\/wp\/v2\/categories?post=51485"},{"taxonomy":"post_tag","embeddable":true,"href":"https:\/\/eldiariodesanpedro.com.ar\/sitio\/wp-json\/wp\/v2\/tags?post=51485"}],"curies":[{"name":"wp","href":"https:\/\/api.w.org\/{rel}","templated":true}]}}