{"id":51482,"date":"2019-05-06T13:02:09","date_gmt":"2019-05-06T16:02:09","guid":{"rendered":"https:\/\/eldiariodesanpedro.com.ar\/sitio\/?p=51482"},"modified":"2019-05-06T13:02:19","modified_gmt":"2019-05-06T16:02:19","slug":"campana-fatal-desenlace-de-un-cumpleanos-en-el-b-lubo","status":"publish","type":"post","link":"https:\/\/eldiariodesanpedro.com.ar\/sitio\/campana-fatal-desenlace-de-un-cumpleanos-en-el-b-lubo\/","title":{"rendered":"CAMPANA: Fatal desenlace de un cumplea\u00f1os en el B\u00b0 Lubo"},"content":{"rendered":"<!-- VideographyWP Plugin Message: Automatic video embedding prevented by plugin options. -->\n\n<p>Una mujer festejaba sus 60 a\u00f1os, cuando una discusi\u00f3n familiar hizo que un sobrino se retirara del lugar intempestivamente. Al subir a su camioneta y dar marcha atr\u00e1s, atropell\u00f3 a la cumplea\u00f1era, la cual falleci\u00f3 poco despu\u00e9s en el Hospital. Se inici\u00f3 una investigaci\u00f3n bajo la car\u00e1tula de homicidio culposo. <\/p>\n\n\n\n<p>\n\nUna fiesta que termin\u00f3 en tragedia, y que convirti\u00f3 a la homenajeada en v\u00edctima fatal de un hecho que es investigado por la Polic\u00eda.<\/p>\n\n\n\n<p>Todo aconteci\u00f3 cerca de las 22 horas, en Namuncur\u00e1 y San Juan del barrio Lubo. All\u00ed festejaba junto a su familia sus 60 a\u00f1os Mar\u00eda Ofelia Monz\u00f3n. Pero una discusi\u00f3n entre sus invitados, deriv\u00f3 en la retirada de uno de sus sobrinos.<\/p>\n\n\n\n<p>Pero cuando el sujeto dio marcha atr\u00e1s con su camioneta, impact\u00f3 a la cumplea\u00f1era caus\u00e1ndole lesiones graves. La mujer fue asistida por el m\u00f3vil 1 del Same, a cargo de la Doctora Noguero, qui\u00e9n dispuso el traslado de urgencia al Hospital San Jos\u00e9.<\/p>\n\n\n\n<p>Sin embargo, producto de las heridas sufridas, Monz\u00f3n falleci\u00f3 en el nosocomio p\u00fablico. En el lugar del hecho actuaron los m\u00f3viles del Comando Patrulla, correspondientes a las zonas 3, 5 y 6, a cargo del Teniente Primero Juan Encina.<\/p>\n\n\n\n<p>El sobrino de la v\u00edctima, identificado como Marcelo Casta\u00f1eda, es investigado por la Polic\u00eda en actuaciones caratuladas por Homicidio Culposo, tras la instrucci\u00f3n de la UFI Nro. 2 Departamental.\u00a0 <\/p>\n\n\n\n<p>Fuente: Campana Noticias<\/p>\n","protected":false},"excerpt":{"rendered":"<p>Una mujer festejaba sus 60 a\u00f1os, cuando una discusi\u00f3n familiar hizo que un sobrino se retirara del lugar intempestivamente. Al subir a su camioneta y dar marcha atr\u00e1s, atropell\u00f3 a la cumplea\u00f1era, la cual falleci\u00f3 poco despu\u00e9s en el Hospital. Se inici\u00f3 una investigaci\u00f3n bajo la car\u00e1tula de homicidio culposo. Una fiesta que termin\u00f3 en [&hellip;]<\/p>\n","protected":false},"author":4,"featured_media":51483,"comment_status":"open","ping_status":"closed","sticky":false,"template":"","format":"standard","meta":{"om_disable_all_campaigns":false,"_jetpack_memberships_contains_paid_content":false,"footnotes":""},"categories":[621],"tags":[],"class_list":["post-51482","post","type-post","status-publish","format-standard","has-post-thumbnail","hentry","category-regionales"],"aioseo_notices":[],"gutentor_comment":0,"jetpack_featured_media_url":"https:\/\/eldiariodesanpedro.com.ar\/sitio\/wp-content\/uploads\/2019\/05\/20190505090102.jpg","jetpack_shortlink":"https:\/\/wp.me\/p6RhLt-dom","jetpack_sharing_enabled":true,"_links":{"self":[{"href":"https:\/\/eldiariodesanpedro.com.ar\/sitio\/wp-json\/wp\/v2\/posts\/51482","targetHints":{"allow":["GET"]}}],"collection":[{"href":"https:\/\/eldiariodesanpedro.com.ar\/sitio\/wp-json\/wp\/v2\/posts"}],"about":[{"href":"https:\/\/eldiariodesanpedro.com.ar\/sitio\/wp-json\/wp\/v2\/types\/post"}],"author":[{"embeddable":true,"href":"https:\/\/eldiariodesanpedro.com.ar\/sitio\/wp-json\/wp\/v2\/users\/4"}],"replies":[{"embeddable":true,"href":"https:\/\/eldiariodesanpedro.com.ar\/sitio\/wp-json\/wp\/v2\/comments?post=51482"}],"version-history":[{"count":1,"href":"https:\/\/eldiariodesanpedro.com.ar\/sitio\/wp-json\/wp\/v2\/posts\/51482\/revisions"}],"predecessor-version":[{"id":51484,"href":"https:\/\/eldiariodesanpedro.com.ar\/sitio\/wp-json\/wp\/v2\/posts\/51482\/revisions\/51484"}],"wp:featuredmedia":[{"embeddable":true,"href":"https:\/\/eldiariodesanpedro.com.ar\/sitio\/wp-json\/wp\/v2\/media\/51483"}],"wp:attachment":[{"href":"https:\/\/eldiariodesanpedro.com.ar\/sitio\/wp-json\/wp\/v2\/media?parent=51482"}],"wp:term":[{"taxonomy":"category","embeddable":true,"href":"https:\/\/eldiariodesanpedro.com.ar\/sitio\/wp-json\/wp\/v2\/categories?post=51482"},{"taxonomy":"post_tag","embeddable":true,"href":"https:\/\/eldiariodesanpedro.com.ar\/sitio\/wp-json\/wp\/v2\/tags?post=51482"}],"curies":[{"name":"wp","href":"https:\/\/api.w.org\/{rel}","templated":true}]}}