{"id":51475,"date":"2019-05-06T12:53:10","date_gmt":"2019-05-06T15:53:10","guid":{"rendered":"https:\/\/eldiariodesanpedro.com.ar\/sitio\/?p=51475"},"modified":"2019-05-06T12:53:19","modified_gmt":"2019-05-06T15:53:19","slug":"zarate-el-ara-ciudad-de-zarate-participa-de-la-campana-fluvial-para-asistir-a-chaco","status":"publish","type":"post","link":"https:\/\/eldiariodesanpedro.com.ar\/sitio\/zarate-el-ara-ciudad-de-zarate-participa-de-la-campana-fluvial-para-asistir-a-chaco\/","title":{"rendered":"Z\u00c1RATE: El ARA ciudad de Z\u00e1rate participa de la campa\u00f1a fluvial para asistir a Chaco"},"content":{"rendered":"<!-- VideographyWP Plugin Message: Automatic video embedding prevented by plugin options. -->\n\n<p>Dos buques de la Armada con m\u00e9dicos para dar atenci\u00f3n cl\u00ednica, odontol\u00f3gica, ginecol\u00f3gica, pedi\u00e1trica, cardiol\u00f3gica y oftalmol\u00f3gica a pobladores de las provincias de Formosa, Chaco y Corrientes partir\u00e1n ma\u00f1ana desde el Apostadero Naval Buenos Aires en la primera campa\u00f1a fluvial 2019, inform\u00f3 hoy el Ministerio de Defensa. <\/p>\n\n\n\n<p>La campa\u00f1a estar\u00e1 coordinada por los Ministerios de Defensa; Salud y Desarrollo Social; Justicia y Derechos Humanos; Producci\u00f3n y Trabajo; y del Interior, adem\u00e1s de organismos provinciales y municipales.<\/p>\n\n\n\n<p>El primer destino de los buques ARA Ciudad de Z\u00e1rate y ARA King, ser\u00e1 la Isla Soto, en la provincia de Chaco.<\/p>\n\n\n\n<p>\u00abLa campa\u00f1a tiene como objetivo brindar atenci\u00f3n y prevenci\u00f3n sanitaria en las especialidades m\u00e9dicas cl\u00ednica, odontol\u00f3gica, ginecol\u00f3gica, pedi\u00e1trica, cardiol\u00f3gica y oftalmol\u00f3gica a los habitantes de las localidades que por su ubicaci\u00f3n geogr\u00e1fica presentan dificultades de acceder por v\u00eda terrestre a los centros m\u00e9dicos m\u00e1s cercanos\u00bb, inform\u00f3 la cartera.<\/p>\n\n\n\n<p>Adem\u00e1s, los pobladores podr\u00e1n tramitar el documento nacional de identidad a trav\u00e9s del Registro Nacional de las Personas (Renaper) y el acceso a tr\u00e1mites de la Administraci\u00f3n Nacional de la Seguridad Social (Anses).<\/p>\n\n\n\n<p>La campa\u00f1a llegar\u00e1, adem\u00e1s, a las localidades chaque\u00f1as de Puerto Vilelas, Isla del Cerrito, Puerto Bermejo, y Puerto Las Palmas, luego seguir\u00e1 por Puerto Ita-Ibat\u00e9, Corrientes; en Colonia Cano. Formosa; en Puerto Lavalle y en Punta Taitalo, Corrientes.<\/p>\n\n\n\n<p>En la embarcaci\u00f3n ARA Ciudad de Z\u00e1rate habr\u00e1 \u00abprofesionales m\u00e9dicos y personal de enfermer\u00eda de la Armada y del Ej\u00e9rcito Argentino, a los que se sumar\u00e1n profesionales de la salud, de asistencia social y de equipos t\u00e9cnicos de los ministerios intervinientes en la campa\u00f1a\u00bb.<br><\/p>\n\n\n\n<p><strong>Fuente:&nbsp;<\/strong>Noticias Z\u00e1rate Alerta<\/p>\n","protected":false},"excerpt":{"rendered":"<p>Dos buques de la Armada con m\u00e9dicos para dar atenci\u00f3n cl\u00ednica, odontol\u00f3gica, ginecol\u00f3gica, pedi\u00e1trica, cardiol\u00f3gica y oftalmol\u00f3gica a pobladores de las provincias de Formosa, Chaco y Corrientes partir\u00e1n ma\u00f1ana desde el Apostadero Naval Buenos Aires en la primera campa\u00f1a fluvial 2019, inform\u00f3 hoy el Ministerio de Defensa. La campa\u00f1a estar\u00e1 coordinada por los Ministerios de [&hellip;]<\/p>\n","protected":false},"author":4,"featured_media":51476,"comment_status":"open","ping_status":"closed","sticky":false,"template":"","format":"standard","meta":{"om_disable_all_campaigns":false,"_jetpack_memberships_contains_paid_content":false,"footnotes":""},"categories":[621],"tags":[],"class_list":["post-51475","post","type-post","status-publish","format-standard","has-post-thumbnail","hentry","category-regionales"],"aioseo_notices":[],"gutentor_comment":0,"jetpack_featured_media_url":"https:\/\/eldiariodesanpedro.com.ar\/sitio\/wp-content\/uploads\/2019\/05\/CampanaSanitaria_Naval1-696x465.jpg","jetpack_shortlink":"https:\/\/wp.me\/p6RhLt-dof","jetpack_sharing_enabled":true,"_links":{"self":[{"href":"https:\/\/eldiariodesanpedro.com.ar\/sitio\/wp-json\/wp\/v2\/posts\/51475","targetHints":{"allow":["GET"]}}],"collection":[{"href":"https:\/\/eldiariodesanpedro.com.ar\/sitio\/wp-json\/wp\/v2\/posts"}],"about":[{"href":"https:\/\/eldiariodesanpedro.com.ar\/sitio\/wp-json\/wp\/v2\/types\/post"}],"author":[{"embeddable":true,"href":"https:\/\/eldiariodesanpedro.com.ar\/sitio\/wp-json\/wp\/v2\/users\/4"}],"replies":[{"embeddable":true,"href":"https:\/\/eldiariodesanpedro.com.ar\/sitio\/wp-json\/wp\/v2\/comments?post=51475"}],"version-history":[{"count":1,"href":"https:\/\/eldiariodesanpedro.com.ar\/sitio\/wp-json\/wp\/v2\/posts\/51475\/revisions"}],"predecessor-version":[{"id":51477,"href":"https:\/\/eldiariodesanpedro.com.ar\/sitio\/wp-json\/wp\/v2\/posts\/51475\/revisions\/51477"}],"wp:featuredmedia":[{"embeddable":true,"href":"https:\/\/eldiariodesanpedro.com.ar\/sitio\/wp-json\/wp\/v2\/media\/51476"}],"wp:attachment":[{"href":"https:\/\/eldiariodesanpedro.com.ar\/sitio\/wp-json\/wp\/v2\/media?parent=51475"}],"wp:term":[{"taxonomy":"category","embeddable":true,"href":"https:\/\/eldiariodesanpedro.com.ar\/sitio\/wp-json\/wp\/v2\/categories?post=51475"},{"taxonomy":"post_tag","embeddable":true,"href":"https:\/\/eldiariodesanpedro.com.ar\/sitio\/wp-json\/wp\/v2\/tags?post=51475"}],"curies":[{"name":"wp","href":"https:\/\/api.w.org\/{rel}","templated":true}]}}