{"id":51467,"date":"2019-05-06T12:49:46","date_gmt":"2019-05-06T15:49:46","guid":{"rendered":"https:\/\/eldiariodesanpedro.com.ar\/sitio\/?p=51467"},"modified":"2019-05-06T12:49:55","modified_gmt":"2019-05-06T15:49:55","slug":"zarate-un-bebe-necesita-ayuda-para-poder-caminar","status":"publish","type":"post","link":"https:\/\/eldiariodesanpedro.com.ar\/sitio\/zarate-un-bebe-necesita-ayuda-para-poder-caminar\/","title":{"rendered":"Z\u00c1RATE: Un beb\u00e9 necesita ayuda para poder caminar"},"content":{"rendered":"<!-- VideographyWP Plugin Message: Automatic video embedding prevented by plugin options. -->\n\n<p>Lauriano \u00c1lvarez naci\u00f3 con \u00abpie equino\u00bb, lo que le produce caerse cada vez que intenta dar sus primeros pasos. Necesita unas pr\u00f3tesis valuadas en 20 mil pesos y su familia no puede pagarlo. Por tal motivo, recurren a la solidaridad de los vecinos. <\/p>\n\n\n\n<p>El pie equinovaro es una afecci\u00f3n cong\u00e9nita (presente al nacer) que hace que el pie del beb\u00e9 se voltee hacia adentro o hacia abajo. Puede ser leve o grave y ocurrir en uno o ambos pies. En los beb\u00e9s que tienen pie equinovaro, los tendones que conectan los m\u00fasculos de las piernas con el tal\u00f3n son demasiado cortos. Estos tendones tirantes hacen que el pie se gire de manera antinatural. <\/p>\n\n\n\n<p> El nene naci\u00f3 prematuro de 27 semanas en el Hospital Zonal Virgen del Carmen y estuvo internado los tres meses siguientes en neonatologia. Hoy, tiene un a\u00f1o y cinco meses y desea poder levantarse. Por eso, las valvas son esenciales para corregir su enfermedad. Para colaborar comunicarse con su mam\u00e1 Priscila al 3487-625825. <\/p>\n\n\n\n<p>Fuente:  Noticias Z\u00e1rate Alerta <\/p>\n\n\n\n<figure class=\"wp-block-image\"><img decoding=\"async\" width=\"1024\" height=\"576\" data-attachment-id=\"51471\" data-permalink=\"https:\/\/eldiariodesanpedro.com.ar\/sitio\/zarate-un-bebe-necesita-ayuda-para-poder-caminar\/inshot_20190505_180535494-1024x576\/\" data-orig-file=\"https:\/\/eldiariodesanpedro.com.ar\/sitio\/wp-content\/uploads\/2019\/05\/InShot_20190505_180535494-1024x576.jpg\" data-orig-size=\"1024,576\" data-comments-opened=\"1\" data-image-meta=\"{&quot;aperture&quot;:&quot;0&quot;,&quot;credit&quot;:&quot;&quot;,&quot;camera&quot;:&quot;&quot;,&quot;caption&quot;:&quot;&quot;,&quot;created_timestamp&quot;:&quot;0&quot;,&quot;copyright&quot;:&quot;&quot;,&quot;focal_length&quot;:&quot;0&quot;,&quot;iso&quot;:&quot;0&quot;,&quot;shutter_speed&quot;:&quot;0&quot;,&quot;title&quot;:&quot;&quot;,&quot;orientation&quot;:&quot;0&quot;}\" data-image-title=\"InShot_20190505_180535494-1024&amp;#215;576\" data-image-description=\"\" data-image-caption=\"\" data-large-file=\"https:\/\/eldiariodesanpedro.com.ar\/sitio\/wp-content\/uploads\/2019\/05\/InShot_20190505_180535494-1024x576-1024x576.jpg\" data-src=\"https:\/\/i2.wp.com\/eldiariodesanpedro.com.ar\/sitio\/wp-content\/uploads\/2019\/05\/InShot_20190505_180535494-1024x576.jpg?fit=660%2C371\" alt=\"\" class=\"wp-image-51471 lazyload\" data-srcset=\"https:\/\/eldiariodesanpedro.com.ar\/sitio\/wp-content\/uploads\/2019\/05\/InShot_20190505_180535494-1024x576.jpg 1024w, https:\/\/eldiariodesanpedro.com.ar\/sitio\/wp-content\/uploads\/2019\/05\/InShot_20190505_180535494-1024x576-300x169.jpg 300w, https:\/\/eldiariodesanpedro.com.ar\/sitio\/wp-content\/uploads\/2019\/05\/InShot_20190505_180535494-1024x576-768x432.jpg 768w\" data-sizes=\"(max-width: 1024px) 100vw, 1024px\" src=\"data:image\/svg+xml;base64,PHN2ZyB3aWR0aD0iMSIgaGVpZ2h0PSIxIiB4bWxucz0iaHR0cDovL3d3dy53My5vcmcvMjAwMC9zdmciPjwvc3ZnPg==\" style=\"--smush-placeholder-width: 1024px; --smush-placeholder-aspect-ratio: 1024\/576;\" \/><\/figure>\n","protected":false},"excerpt":{"rendered":"<p>Lauriano \u00c1lvarez naci\u00f3 con \u00abpie equino\u00bb, lo que le produce caerse cada vez que intenta dar sus primeros pasos. Necesita unas pr\u00f3tesis valuadas en 20 mil pesos y su familia no puede pagarlo. Por tal motivo, recurren a la solidaridad de los vecinos. El pie equinovaro es una afecci\u00f3n cong\u00e9nita (presente al nacer) que hace [&hellip;]<\/p>\n","protected":false},"author":4,"featured_media":51469,"comment_status":"open","ping_status":"closed","sticky":false,"template":"","format":"standard","meta":{"om_disable_all_campaigns":false,"_jetpack_memberships_contains_paid_content":false,"footnotes":""},"categories":[621],"tags":[],"class_list":["post-51467","post","type-post","status-publish","format-standard","has-post-thumbnail","hentry","category-regionales"],"aioseo_notices":[],"gutentor_comment":0,"jetpack_featured_media_url":"https:\/\/eldiariodesanpedro.com.ar\/sitio\/wp-content\/uploads\/2019\/05\/InShot_20190505_180522193-1024x576.jpg","jetpack_shortlink":"https:\/\/wp.me\/p6RhLt-do7","jetpack_sharing_enabled":true,"_links":{"self":[{"href":"https:\/\/eldiariodesanpedro.com.ar\/sitio\/wp-json\/wp\/v2\/posts\/51467","targetHints":{"allow":["GET"]}}],"collection":[{"href":"https:\/\/eldiariodesanpedro.com.ar\/sitio\/wp-json\/wp\/v2\/posts"}],"about":[{"href":"https:\/\/eldiariodesanpedro.com.ar\/sitio\/wp-json\/wp\/v2\/types\/post"}],"author":[{"embeddable":true,"href":"https:\/\/eldiariodesanpedro.com.ar\/sitio\/wp-json\/wp\/v2\/users\/4"}],"replies":[{"embeddable":true,"href":"https:\/\/eldiariodesanpedro.com.ar\/sitio\/wp-json\/wp\/v2\/comments?post=51467"}],"version-history":[{"count":1,"href":"https:\/\/eldiariodesanpedro.com.ar\/sitio\/wp-json\/wp\/v2\/posts\/51467\/revisions"}],"predecessor-version":[{"id":51474,"href":"https:\/\/eldiariodesanpedro.com.ar\/sitio\/wp-json\/wp\/v2\/posts\/51467\/revisions\/51474"}],"wp:featuredmedia":[{"embeddable":true,"href":"https:\/\/eldiariodesanpedro.com.ar\/sitio\/wp-json\/wp\/v2\/media\/51469"}],"wp:attachment":[{"href":"https:\/\/eldiariodesanpedro.com.ar\/sitio\/wp-json\/wp\/v2\/media?parent=51467"}],"wp:term":[{"taxonomy":"category","embeddable":true,"href":"https:\/\/eldiariodesanpedro.com.ar\/sitio\/wp-json\/wp\/v2\/categories?post=51467"},{"taxonomy":"post_tag","embeddable":true,"href":"https:\/\/eldiariodesanpedro.com.ar\/sitio\/wp-json\/wp\/v2\/tags?post=51467"}],"curies":[{"name":"wp","href":"https:\/\/api.w.org\/{rel}","templated":true}]}}