{"id":51455,"date":"2019-05-06T12:48:26","date_gmt":"2019-05-06T15:48:26","guid":{"rendered":"https:\/\/eldiariodesanpedro.com.ar\/sitio\/?p=51455"},"modified":"2019-05-06T12:53:51","modified_gmt":"2019-05-06T15:53:51","slug":"un-aprehendido-por-captura-activa","status":"publish","type":"post","link":"https:\/\/eldiariodesanpedro.com.ar\/sitio\/un-aprehendido-por-captura-activa\/","title":{"rendered":"Un aprehendido por captura activa"},"content":{"rendered":"<!-- VideographyWP Plugin Message: Automatic video embedding prevented by plugin options. -->\n\n<p>En la ma\u00f1ana de  hoy, personal de la Jefatura Departamental GAD,  procedi\u00f3 a la aprehensi\u00f3n de un sujeto de 43 a\u00f1os de edad,  quien luego de registrar su identificaci\u00f3n en el sistema inform\u00e1tico,  pose\u00eda pedido de captura activo con fecha de alta del 16 de agosto de 2018.<\/p>\n\n\n\n<p>La causa por la que se registra la captura,  N\u00b03039 est\u00e1 car\u00e1tulada c\u00f3mo \u00abrebeld\u00eda\u00bb.<\/p>\n\n\n\n<p>El episodio sucedi\u00f3  en intersecci\u00f3n de las calles Molina y Chazarreta, el aprehendido fue trasladado a la dependencia local. Interviene el juzgado Correccional 2 de San Nicol\u00e1s a cargo del Dr Subir\u00eda. <\/p>\n\n\n\n<p><\/p>\n","protected":false},"excerpt":{"rendered":"<p>En la ma\u00f1ana de hoy, personal de la Jefatura Departamental GAD, procedi\u00f3 a la aprehensi\u00f3n de un sujeto de 43 a\u00f1os de edad, quien luego de registrar su identificaci\u00f3n en el sistema inform\u00e1tico, pose\u00eda pedido de captura activo con fecha de alta del 16 de agosto de 2018. La causa por la que se registra [&hellip;]<\/p>\n","protected":false},"author":4,"featured_media":51473,"comment_status":"open","ping_status":"closed","sticky":false,"template":"","format":"standard","meta":{"om_disable_all_campaigns":false,"_jetpack_memberships_contains_paid_content":false,"footnotes":""},"categories":[2,103],"tags":[],"class_list":["post-51455","post","type-post","status-publish","format-standard","has-post-thumbnail","hentry","category-locales","category-policiales-locales"],"aioseo_notices":[],"gutentor_comment":0,"jetpack_featured_media_url":"https:\/\/eldiariodesanpedro.com.ar\/sitio\/wp-content\/uploads\/2019\/05\/IMG-20190506-WA0007-1.jpg","jetpack_shortlink":"https:\/\/wp.me\/p6RhLt-dnV","jetpack_sharing_enabled":true,"_links":{"self":[{"href":"https:\/\/eldiariodesanpedro.com.ar\/sitio\/wp-json\/wp\/v2\/posts\/51455","targetHints":{"allow":["GET"]}}],"collection":[{"href":"https:\/\/eldiariodesanpedro.com.ar\/sitio\/wp-json\/wp\/v2\/posts"}],"about":[{"href":"https:\/\/eldiariodesanpedro.com.ar\/sitio\/wp-json\/wp\/v2\/types\/post"}],"author":[{"embeddable":true,"href":"https:\/\/eldiariodesanpedro.com.ar\/sitio\/wp-json\/wp\/v2\/users\/4"}],"replies":[{"embeddable":true,"href":"https:\/\/eldiariodesanpedro.com.ar\/sitio\/wp-json\/wp\/v2\/comments?post=51455"}],"version-history":[{"count":1,"href":"https:\/\/eldiariodesanpedro.com.ar\/sitio\/wp-json\/wp\/v2\/posts\/51455\/revisions"}],"predecessor-version":[{"id":51470,"href":"https:\/\/eldiariodesanpedro.com.ar\/sitio\/wp-json\/wp\/v2\/posts\/51455\/revisions\/51470"}],"wp:featuredmedia":[{"embeddable":true,"href":"https:\/\/eldiariodesanpedro.com.ar\/sitio\/wp-json\/wp\/v2\/media\/51473"}],"wp:attachment":[{"href":"https:\/\/eldiariodesanpedro.com.ar\/sitio\/wp-json\/wp\/v2\/media?parent=51455"}],"wp:term":[{"taxonomy":"category","embeddable":true,"href":"https:\/\/eldiariodesanpedro.com.ar\/sitio\/wp-json\/wp\/v2\/categories?post=51455"},{"taxonomy":"post_tag","embeddable":true,"href":"https:\/\/eldiariodesanpedro.com.ar\/sitio\/wp-json\/wp\/v2\/tags?post=51455"}],"curies":[{"name":"wp","href":"https:\/\/api.w.org\/{rel}","templated":true}]}}