{"id":51449,"date":"2019-05-06T11:06:01","date_gmt":"2019-05-06T14:06:01","guid":{"rendered":"https:\/\/eldiariodesanpedro.com.ar\/sitio\/?p=51449"},"modified":"2019-05-06T11:06:11","modified_gmt":"2019-05-06T14:06:11","slug":"actividades-del-fin-de-semana-en-el-centro-cultural","status":"publish","type":"post","link":"https:\/\/eldiariodesanpedro.com.ar\/sitio\/actividades-del-fin-de-semana-en-el-centro-cultural\/","title":{"rendered":"Actividades del fin de semana en el Centro Cultural"},"content":{"rendered":"<!-- VideographyWP Plugin Message: Automatic video embedding prevented by plugin options. -->\n\n<p>Fin de semana cultural en San Pedro con actividades muy variadas, el d\u00eda s\u00e1bado 4 se puso en marcha la muestra \u00abLuces y sombras\u00bb del artista sampedrino Edgardo Yayo Altolaguirre, que va a extenderse durante todo el mes de mayo.<br>Al d\u00eda siguiente comenzaron a desarrollarse los \u00abDomingos en el Centro Cultural\u00bb. En esta primera oportunidad, Sandra Altamirano encabez\u00f3 una c\u00e1lida actividad en la que narr\u00f3 cuentos de su libro \u00abCuentos de Chana\u00bb.\u00a0<\/p>\n\n\n\n<p>Posteriormente quienes asistieron hicieron uso de la mesa de dibujo que el Centro Cultural tiene en el primer piso, donde ni\u00f1os pintaron obras de reconocidos artistas o crearon sus propios trabajos.\u00a0<\/p>\n\n\n\n<p>Del mismo modo, informamos que el s\u00e1bado 11 en el marco del D\u00eda del Himno Nacional Argentino habr\u00e1 una actividad a las 18 hs a cargo del grupo de lenguaje de se\u00f1as y Andrea Lopardo.\u00a0<\/p>\n\n\n\n<p>Adem\u00e1s, tanto el 11 como el 12 de mayo estar\u00e1 disponible la muestra de Humor Gr\u00e1fico de Seguridad Vial.<\/p>\n\n\n\n<figure class=\"wp-block-image\"><img decoding=\"async\" width=\"1024\" height=\"768\" data-attachment-id=\"51452\" data-permalink=\"https:\/\/eldiariodesanpedro.com.ar\/sitio\/actividades-del-fin-de-semana-en-el-centro-cultural\/dibujo\/\" data-orig-file=\"https:\/\/eldiariodesanpedro.com.ar\/sitio\/wp-content\/uploads\/2019\/05\/Dibujo.jpg\" data-orig-size=\"1032,774\" data-comments-opened=\"1\" data-image-meta=\"{&quot;aperture&quot;:&quot;0&quot;,&quot;credit&quot;:&quot;&quot;,&quot;camera&quot;:&quot;&quot;,&quot;caption&quot;:&quot;&quot;,&quot;created_timestamp&quot;:&quot;0&quot;,&quot;copyright&quot;:&quot;&quot;,&quot;focal_length&quot;:&quot;0&quot;,&quot;iso&quot;:&quot;0&quot;,&quot;shutter_speed&quot;:&quot;0&quot;,&quot;title&quot;:&quot;&quot;,&quot;orientation&quot;:&quot;0&quot;}\" data-image-title=\"Dibujo\" data-image-description=\"\" data-image-caption=\"\" data-large-file=\"https:\/\/eldiariodesanpedro.com.ar\/sitio\/wp-content\/uploads\/2019\/05\/Dibujo-1024x768.jpg\" data-src=\"https:\/\/eldiariodesanpedro.com.ar\/sitio\/wp-content\/uploads\/2019\/05\/Dibujo-1024x768.jpg\" alt=\"\" class=\"wp-image-51452 lazyload\" data-srcset=\"https:\/\/eldiariodesanpedro.com.ar\/sitio\/wp-content\/uploads\/2019\/05\/Dibujo-1024x768.jpg 1024w, https:\/\/eldiariodesanpedro.com.ar\/sitio\/wp-content\/uploads\/2019\/05\/Dibujo-300x225.jpg 300w, https:\/\/eldiariodesanpedro.com.ar\/sitio\/wp-content\/uploads\/2019\/05\/Dibujo-768x576.jpg 768w, https:\/\/eldiariodesanpedro.com.ar\/sitio\/wp-content\/uploads\/2019\/05\/Dibujo.jpg 1032w\" data-sizes=\"(max-width: 1024px) 100vw, 1024px\" src=\"data:image\/svg+xml;base64,PHN2ZyB3aWR0aD0iMSIgaGVpZ2h0PSIxIiB4bWxucz0iaHR0cDovL3d3dy53My5vcmcvMjAwMC9zdmciPjwvc3ZnPg==\" style=\"--smush-placeholder-width: 1024px; --smush-placeholder-aspect-ratio: 1024\/768;\" \/><\/figure>\n\n\n\n<figure class=\"wp-block-image\"><img decoding=\"async\" width=\"1024\" height=\"768\" data-attachment-id=\"51450\" data-permalink=\"https:\/\/eldiariodesanpedro.com.ar\/sitio\/actividades-del-fin-de-semana-en-el-centro-cultural\/yayo-3\/\" data-orig-file=\"https:\/\/eldiariodesanpedro.com.ar\/sitio\/wp-content\/uploads\/2019\/05\/Yayo-3.jpg\" data-orig-size=\"1280,960\" data-comments-opened=\"1\" data-image-meta=\"{&quot;aperture&quot;:&quot;0&quot;,&quot;credit&quot;:&quot;&quot;,&quot;camera&quot;:&quot;&quot;,&quot;caption&quot;:&quot;&quot;,&quot;created_timestamp&quot;:&quot;0&quot;,&quot;copyright&quot;:&quot;&quot;,&quot;focal_length&quot;:&quot;0&quot;,&quot;iso&quot;:&quot;0&quot;,&quot;shutter_speed&quot;:&quot;0&quot;,&quot;title&quot;:&quot;&quot;,&quot;orientation&quot;:&quot;0&quot;}\" data-image-title=\"Yayo 3\" data-image-description=\"\" data-image-caption=\"\" data-large-file=\"https:\/\/eldiariodesanpedro.com.ar\/sitio\/wp-content\/uploads\/2019\/05\/Yayo-3-1024x768.jpg\" data-src=\"https:\/\/eldiariodesanpedro.com.ar\/sitio\/wp-content\/uploads\/2019\/05\/Yayo-3-1024x768.jpg\" alt=\"\" class=\"wp-image-51450 lazyload\" data-srcset=\"https:\/\/eldiariodesanpedro.com.ar\/sitio\/wp-content\/uploads\/2019\/05\/Yayo-3-1024x768.jpg 1024w, https:\/\/eldiariodesanpedro.com.ar\/sitio\/wp-content\/uploads\/2019\/05\/Yayo-3-300x225.jpg 300w, https:\/\/eldiariodesanpedro.com.ar\/sitio\/wp-content\/uploads\/2019\/05\/Yayo-3-768x576.jpg 768w, https:\/\/eldiariodesanpedro.com.ar\/sitio\/wp-content\/uploads\/2019\/05\/Yayo-3.jpg 1280w\" data-sizes=\"(max-width: 1024px) 100vw, 1024px\" src=\"data:image\/svg+xml;base64,PHN2ZyB3aWR0aD0iMSIgaGVpZ2h0PSIxIiB4bWxucz0iaHR0cDovL3d3dy53My5vcmcvMjAwMC9zdmciPjwvc3ZnPg==\" style=\"--smush-placeholder-width: 1024px; --smush-placeholder-aspect-ratio: 1024\/768;\" \/><\/figure>\n\n\n\n<figure class=\"wp-block-image\"><img decoding=\"async\" width=\"800\" height=\"800\" data-attachment-id=\"51451\" data-permalink=\"https:\/\/eldiariodesanpedro.com.ar\/sitio\/actividades-del-fin-de-semana-en-el-centro-cultural\/muestra-de-humor\/\" data-orig-file=\"https:\/\/eldiariodesanpedro.com.ar\/sitio\/wp-content\/uploads\/2019\/05\/muestra-de-humor.jpg\" data-orig-size=\"800,800\" data-comments-opened=\"1\" data-image-meta=\"{&quot;aperture&quot;:&quot;0&quot;,&quot;credit&quot;:&quot;&quot;,&quot;camera&quot;:&quot;&quot;,&quot;caption&quot;:&quot;&quot;,&quot;created_timestamp&quot;:&quot;0&quot;,&quot;copyright&quot;:&quot;&quot;,&quot;focal_length&quot;:&quot;0&quot;,&quot;iso&quot;:&quot;0&quot;,&quot;shutter_speed&quot;:&quot;0&quot;,&quot;title&quot;:&quot;&quot;,&quot;orientation&quot;:&quot;1&quot;}\" data-image-title=\"muestra de humor\" data-image-description=\"\" data-image-caption=\"\" data-large-file=\"https:\/\/eldiariodesanpedro.com.ar\/sitio\/wp-content\/uploads\/2019\/05\/muestra-de-humor.jpg\" data-src=\"https:\/\/eldiariodesanpedro.com.ar\/sitio\/wp-content\/uploads\/2019\/05\/muestra-de-humor.jpg\" alt=\"\" class=\"wp-image-51451 lazyload\" data-srcset=\"https:\/\/eldiariodesanpedro.com.ar\/sitio\/wp-content\/uploads\/2019\/05\/muestra-de-humor.jpg 800w, https:\/\/eldiariodesanpedro.com.ar\/sitio\/wp-content\/uploads\/2019\/05\/muestra-de-humor-150x150.jpg 150w, https:\/\/eldiariodesanpedro.com.ar\/sitio\/wp-content\/uploads\/2019\/05\/muestra-de-humor-300x300.jpg 300w, https:\/\/eldiariodesanpedro.com.ar\/sitio\/wp-content\/uploads\/2019\/05\/muestra-de-humor-768x768.jpg 768w\" data-sizes=\"(max-width: 800px) 100vw, 800px\" src=\"data:image\/svg+xml;base64,PHN2ZyB3aWR0aD0iMSIgaGVpZ2h0PSIxIiB4bWxucz0iaHR0cDovL3d3dy53My5vcmcvMjAwMC9zdmciPjwvc3ZnPg==\" style=\"--smush-placeholder-width: 800px; --smush-placeholder-aspect-ratio: 800\/800;\" \/><\/figure>\n","protected":false},"excerpt":{"rendered":"<p>Fin de semana cultural en San Pedro con actividades muy variadas, el d\u00eda s\u00e1bado 4 se puso en marcha la muestra \u00abLuces y sombras\u00bb del artista sampedrino Edgardo Yayo Altolaguirre, que va a extenderse durante todo el mes de mayo.Al d\u00eda siguiente comenzaron a desarrollarse los \u00abDomingos en el Centro Cultural\u00bb. En esta primera oportunidad, [&hellip;]<\/p>\n","protected":false},"author":4,"featured_media":51453,"comment_status":"open","ping_status":"closed","sticky":false,"template":"","format":"standard","meta":{"om_disable_all_campaigns":false,"_jetpack_memberships_contains_paid_content":false,"footnotes":""},"categories":[2,103],"tags":[],"class_list":["post-51449","post","type-post","status-publish","format-standard","has-post-thumbnail","hentry","category-locales","category-policiales-locales"],"aioseo_notices":[],"gutentor_comment":0,"jetpack_featured_media_url":"https:\/\/eldiariodesanpedro.com.ar\/sitio\/wp-content\/uploads\/2019\/05\/Chana-3.jpg","jetpack_shortlink":"https:\/\/wp.me\/p6RhLt-dnP","jetpack_sharing_enabled":true,"_links":{"self":[{"href":"https:\/\/eldiariodesanpedro.com.ar\/sitio\/wp-json\/wp\/v2\/posts\/51449","targetHints":{"allow":["GET"]}}],"collection":[{"href":"https:\/\/eldiariodesanpedro.com.ar\/sitio\/wp-json\/wp\/v2\/posts"}],"about":[{"href":"https:\/\/eldiariodesanpedro.com.ar\/sitio\/wp-json\/wp\/v2\/types\/post"}],"author":[{"embeddable":true,"href":"https:\/\/eldiariodesanpedro.com.ar\/sitio\/wp-json\/wp\/v2\/users\/4"}],"replies":[{"embeddable":true,"href":"https:\/\/eldiariodesanpedro.com.ar\/sitio\/wp-json\/wp\/v2\/comments?post=51449"}],"version-history":[{"count":1,"href":"https:\/\/eldiariodesanpedro.com.ar\/sitio\/wp-json\/wp\/v2\/posts\/51449\/revisions"}],"predecessor-version":[{"id":51454,"href":"https:\/\/eldiariodesanpedro.com.ar\/sitio\/wp-json\/wp\/v2\/posts\/51449\/revisions\/51454"}],"wp:featuredmedia":[{"embeddable":true,"href":"https:\/\/eldiariodesanpedro.com.ar\/sitio\/wp-json\/wp\/v2\/media\/51453"}],"wp:attachment":[{"href":"https:\/\/eldiariodesanpedro.com.ar\/sitio\/wp-json\/wp\/v2\/media?parent=51449"}],"wp:term":[{"taxonomy":"category","embeddable":true,"href":"https:\/\/eldiariodesanpedro.com.ar\/sitio\/wp-json\/wp\/v2\/categories?post=51449"},{"taxonomy":"post_tag","embeddable":true,"href":"https:\/\/eldiariodesanpedro.com.ar\/sitio\/wp-json\/wp\/v2\/tags?post=51449"}],"curies":[{"name":"wp","href":"https:\/\/api.w.org\/{rel}","templated":true}]}}