{"id":51444,"date":"2019-05-06T10:28:50","date_gmt":"2019-05-06T13:28:50","guid":{"rendered":"https:\/\/eldiariodesanpedro.com.ar\/sitio\/?p=51444"},"modified":"2019-05-06T10:29:00","modified_gmt":"2019-05-06T13:29:00","slug":"un-fosil-hallado-por-el-museo-paleontologico-en-gobernador-castro-forma-parte-de-una-publicacion-a-nivel-sudamerica","status":"publish","type":"post","link":"https:\/\/eldiariodesanpedro.com.ar\/sitio\/un-fosil-hallado-por-el-museo-paleontologico-en-gobernador-castro-forma-parte-de-una-publicacion-a-nivel-sudamerica\/","title":{"rendered":"Un f\u00f3sil hallado por el Museo Paleontologico en Gobernador Castro forma parte de una publicaci\u00f3n a nivel sudam\u00e9rica"},"content":{"rendered":"<!-- VideographyWP Plugin Message: Automatic video embedding prevented by plugin options. -->\n\n<p>Es un cr\u00e1neo de zorrino prehist\u00f3rico que contribuye a reafirmar la especie.<br> El trabajo fue publicado por la \u201cJournal of South American Earth Sciences\u201d<br> Hace unos a\u00f1os, el equipo del Museo Paleontol\u00f3gico de San Pedro descubri\u00f3 el cr\u00e1neo muy completo de una especie de zorrino f\u00f3sil en una cantera abandonada  ubicada entre Gobernador Castro y Paraje Espinillo, partido de San Pedro.<\/p>\n\n\n\n<p>Conepatus primaevus, tal su nombre cient\u00edfico, fue estudiado por Mauro Ignacio Schiaffini (del Centro de Investigaci\u00f3n Esquel de Monta\u00f1a y Estepa Patag\u00f3nica) y  Francisco Prevosti (del Centro Regional de Investigaciones Cient\u00edficas y  Transferencia Tecnol\u00f3gica de La Rioja).<br> El trabajo de los dos cient\u00edficos hace un  minucioso an\u00e1lisis de los diferentes g\u00e9neros y especies de zorrinos f\u00f3siles que habitaron la regi\u00f3n durante la  prehistoria analizando caracter\u00edsticas morfol\u00f3gicas, alimentaci\u00f3n y dem\u00e1s  datos que permiten conocer mejor a<br> estos animales; discutiendo, a su vez, la validez de algunas especies.<br> Es en este punto, donde el material descubierto por el Grupo<br> Conservacionista, junto a otros f\u00f3siles de diferentes colecciones, aport\u00f3<br> caracteres fundamentales para que los paleont\u00f3logos pudieran reafirmar la existencia de la especie C. primaevus, la cual hab\u00eda sido puesta en duda en trabajos de autores anteriores.<\/p>\n\n\n\n<p> El trabajo cient\u00edfico fue difundido, recientemente, por la \u201cJournal of South<br> American Earth Sciences\u201d, una publicaci\u00f3n especializada en trabajos de<br> diferentes autores que investigan las ciencias de la tierra, principalmente en temas que son relevantes para Am\u00e9rica del Sur, Am\u00e9rica Central, el Caribe, M\u00e9xico y la Ant\u00e1rtida.<\/p>\n\n\n\n<p>Para aquellos que recorran el Museo, este ejemplar se encuentra exhibido desde hace un tiempo junto a otras 30 especies que conforman la muestra permanente del Museo y es un indicador m\u00e1s de los valiosos materiales paleontol\u00f3gicos descubiertos en estos 20 a\u00f1os de trabajo del grupo sampedrino.<\/p>\n\n\n\n<figure class=\"wp-block-image\"><img decoding=\"async\" width=\"727\" height=\"1024\" data-attachment-id=\"51445\" data-permalink=\"https:\/\/eldiariodesanpedro.com.ar\/sitio\/un-fosil-hallado-por-el-museo-paleontologico-en-gobernador-castro-forma-parte-de-una-publicacion-a-nivel-sudamerica\/foto-1-15\/\" data-orig-file=\"https:\/\/eldiariodesanpedro.com.ar\/sitio\/wp-content\/uploads\/2019\/05\/FOTO-1.jpg\" data-orig-size=\"833,1174\" data-comments-opened=\"1\" data-image-meta=\"{&quot;aperture&quot;:&quot;0&quot;,&quot;credit&quot;:&quot;&quot;,&quot;camera&quot;:&quot;&quot;,&quot;caption&quot;:&quot;&quot;,&quot;created_timestamp&quot;:&quot;0&quot;,&quot;copyright&quot;:&quot;&quot;,&quot;focal_length&quot;:&quot;0&quot;,&quot;iso&quot;:&quot;0&quot;,&quot;shutter_speed&quot;:&quot;0&quot;,&quot;title&quot;:&quot;&quot;,&quot;orientation&quot;:&quot;0&quot;}\" data-image-title=\"FOTO 1\" data-image-description=\"\" data-image-caption=\"\" data-large-file=\"https:\/\/eldiariodesanpedro.com.ar\/sitio\/wp-content\/uploads\/2019\/05\/FOTO-1-727x1024.jpg\" data-src=\"https:\/\/eldiariodesanpedro.com.ar\/sitio\/wp-content\/uploads\/2019\/05\/FOTO-1-727x1024.jpg\" alt=\"\" class=\"wp-image-51445 lazyload\" data-srcset=\"https:\/\/eldiariodesanpedro.com.ar\/sitio\/wp-content\/uploads\/2019\/05\/FOTO-1-727x1024.jpg 727w, https:\/\/eldiariodesanpedro.com.ar\/sitio\/wp-content\/uploads\/2019\/05\/FOTO-1-213x300.jpg 213w, https:\/\/eldiariodesanpedro.com.ar\/sitio\/wp-content\/uploads\/2019\/05\/FOTO-1-768x1082.jpg 768w, https:\/\/eldiariodesanpedro.com.ar\/sitio\/wp-content\/uploads\/2019\/05\/FOTO-1.jpg 833w\" data-sizes=\"(max-width: 727px) 100vw, 727px\" src=\"data:image\/svg+xml;base64,PHN2ZyB3aWR0aD0iMSIgaGVpZ2h0PSIxIiB4bWxucz0iaHR0cDovL3d3dy53My5vcmcvMjAwMC9zdmciPjwvc3ZnPg==\" style=\"--smush-placeholder-width: 727px; --smush-placeholder-aspect-ratio: 727\/1024;\" \/><\/figure>\n\n\n\n<figure class=\"wp-block-image\"><img decoding=\"async\" width=\"451\" height=\"458\" data-attachment-id=\"51446\" data-permalink=\"https:\/\/eldiariodesanpedro.com.ar\/sitio\/un-fosil-hallado-por-el-museo-paleontologico-en-gobernador-castro-forma-parte-de-una-publicacion-a-nivel-sudamerica\/foto-4-4\/\" data-orig-file=\"https:\/\/eldiariodesanpedro.com.ar\/sitio\/wp-content\/uploads\/2019\/05\/FOTO-4.jpg\" data-orig-size=\"451,458\" data-comments-opened=\"1\" data-image-meta=\"{&quot;aperture&quot;:&quot;0&quot;,&quot;credit&quot;:&quot;&quot;,&quot;camera&quot;:&quot;&quot;,&quot;caption&quot;:&quot;&quot;,&quot;created_timestamp&quot;:&quot;0&quot;,&quot;copyright&quot;:&quot;&quot;,&quot;focal_length&quot;:&quot;0&quot;,&quot;iso&quot;:&quot;0&quot;,&quot;shutter_speed&quot;:&quot;0&quot;,&quot;title&quot;:&quot;&quot;,&quot;orientation&quot;:&quot;0&quot;}\" data-image-title=\"FOTO 4\" data-image-description=\"\" data-image-caption=\"\" data-large-file=\"https:\/\/eldiariodesanpedro.com.ar\/sitio\/wp-content\/uploads\/2019\/05\/FOTO-4.jpg\" data-src=\"https:\/\/eldiariodesanpedro.com.ar\/sitio\/wp-content\/uploads\/2019\/05\/FOTO-4.jpg\" alt=\"\" class=\"wp-image-51446 lazyload\" data-srcset=\"https:\/\/eldiariodesanpedro.com.ar\/sitio\/wp-content\/uploads\/2019\/05\/FOTO-4.jpg 451w, https:\/\/eldiariodesanpedro.com.ar\/sitio\/wp-content\/uploads\/2019\/05\/FOTO-4-295x300.jpg 295w\" data-sizes=\"(max-width: 451px) 100vw, 451px\" src=\"data:image\/svg+xml;base64,PHN2ZyB3aWR0aD0iMSIgaGVpZ2h0PSIxIiB4bWxucz0iaHR0cDovL3d3dy53My5vcmcvMjAwMC9zdmciPjwvc3ZnPg==\" style=\"--smush-placeholder-width: 451px; --smush-placeholder-aspect-ratio: 451\/458;\" \/><\/figure>\n","protected":false},"excerpt":{"rendered":"<p>Es un cr\u00e1neo de zorrino prehist\u00f3rico que contribuye a reafirmar la especie. El trabajo fue publicado por la \u201cJournal of South American Earth Sciences\u201d Hace unos a\u00f1os, el equipo del Museo Paleontol\u00f3gico de San Pedro descubri\u00f3 el cr\u00e1neo muy completo de una especie de zorrino f\u00f3sil en una cantera abandonada ubicada entre Gobernador Castro y [&hellip;]<\/p>\n","protected":false},"author":4,"featured_media":51447,"comment_status":"open","ping_status":"closed","sticky":false,"template":"","format":"standard","meta":{"om_disable_all_campaigns":false,"_jetpack_memberships_contains_paid_content":false,"footnotes":""},"categories":[101,2],"tags":[],"class_list":["post-51444","post","type-post","status-publish","format-standard","has-post-thumbnail","hentry","category-interes-general-locales","category-locales"],"aioseo_notices":[],"gutentor_comment":0,"jetpack_featured_media_url":"https:\/\/eldiariodesanpedro.com.ar\/sitio\/wp-content\/uploads\/2019\/05\/IMG_20190212_185639_964.jpg","jetpack_shortlink":"https:\/\/wp.me\/p6RhLt-dnK","jetpack_sharing_enabled":true,"_links":{"self":[{"href":"https:\/\/eldiariodesanpedro.com.ar\/sitio\/wp-json\/wp\/v2\/posts\/51444","targetHints":{"allow":["GET"]}}],"collection":[{"href":"https:\/\/eldiariodesanpedro.com.ar\/sitio\/wp-json\/wp\/v2\/posts"}],"about":[{"href":"https:\/\/eldiariodesanpedro.com.ar\/sitio\/wp-json\/wp\/v2\/types\/post"}],"author":[{"embeddable":true,"href":"https:\/\/eldiariodesanpedro.com.ar\/sitio\/wp-json\/wp\/v2\/users\/4"}],"replies":[{"embeddable":true,"href":"https:\/\/eldiariodesanpedro.com.ar\/sitio\/wp-json\/wp\/v2\/comments?post=51444"}],"version-history":[{"count":1,"href":"https:\/\/eldiariodesanpedro.com.ar\/sitio\/wp-json\/wp\/v2\/posts\/51444\/revisions"}],"predecessor-version":[{"id":51448,"href":"https:\/\/eldiariodesanpedro.com.ar\/sitio\/wp-json\/wp\/v2\/posts\/51444\/revisions\/51448"}],"wp:featuredmedia":[{"embeddable":true,"href":"https:\/\/eldiariodesanpedro.com.ar\/sitio\/wp-json\/wp\/v2\/media\/51447"}],"wp:attachment":[{"href":"https:\/\/eldiariodesanpedro.com.ar\/sitio\/wp-json\/wp\/v2\/media?parent=51444"}],"wp:term":[{"taxonomy":"category","embeddable":true,"href":"https:\/\/eldiariodesanpedro.com.ar\/sitio\/wp-json\/wp\/v2\/categories?post=51444"},{"taxonomy":"post_tag","embeddable":true,"href":"https:\/\/eldiariodesanpedro.com.ar\/sitio\/wp-json\/wp\/v2\/tags?post=51444"}],"curies":[{"name":"wp","href":"https:\/\/api.w.org\/{rel}","templated":true}]}}