{"id":51439,"date":"2019-05-06T10:19:32","date_gmt":"2019-05-06T13:19:32","guid":{"rendered":"https:\/\/eldiariodesanpedro.com.ar\/sitio\/?p=51439"},"modified":"2019-05-06T10:19:40","modified_gmt":"2019-05-06T13:19:40","slug":"exitosa-visita-a-la-aduana-san-pedro","status":"publish","type":"post","link":"https:\/\/eldiariodesanpedro.com.ar\/sitio\/exitosa-visita-a-la-aduana-san-pedro\/","title":{"rendered":"Exitosa visita a la Aduana San Pedro"},"content":{"rendered":"<!-- VideographyWP Plugin Message: Automatic video embedding prevented by plugin options. -->\n\n<p>Se realiz\u00f3 este domingo el D\u00eda Nacional de los Monumentos que comenz\u00f3 en el Museo Hist\u00f3rico donde luego de un recorrido se pudo apreciar la g\u00e9nesis de la Aduana como instituci\u00f3n nacional, los puertos sampedrinos y la creaci\u00f3n de la Receptor\u00eda local.\u00a0<\/p>\n\n\n\n<p>El evento continu\u00f3 con un recorrido guiado por la Costanera Alta visitando la Escalera de las Flores, los Miradores naturales y la Plazoleta Almirante Brown, para finalmente arribar al hist\u00f3rico edificio aduanero. All\u00ed se descubrieron placas conmemorativas, se recorri\u00f3 el interior del edificio y se desarroll\u00f3 un espacio de intercambio entre los visitantes, el arquitecto Santiago Barcel\u00f3 (parte del staff liderado por el Arq, Carlos Cordern para el desarrollo de la remodelaci\u00f3n integral del a\u00f1o 2014) y las autoridades presentes (Secretario de Gobierno de la Municipalidad, Directora de Turismo, Presidente del Consorcio de Gesti\u00f3n del Puerto, Titular de la AFIP local, Administrador de la Aduana local junto a personal administrativo activo y retirado), destacando la participaci\u00f3n del Sr. Gustavo Adolfo Echegoyen, Subdirector General de Aduanas del Interior.\u00a0<\/p>\n\n\n\n<p>Se distingui\u00f3 la enorme colaboraci\u00f3n y predisposici\u00f3n que ha brindado la Administraci\u00f3n local a cargo del Ing. Walter Kissling y el compromiso de todo el equipo del Centro de Estudios para lograr una realizaci\u00f3n exitosa de la actividad. <\/p>\n\n\n\n<p> El Centro de Estudios Hist\u00f3ricos de San Pedro emiti\u00f3 un comunicado donde se agradece enormemente a los vecinos que realizaron la in\u00e9dita visita guiada\u00a0 a la Aduana de San Pedro en el marco del D\u00cdA NACIONAL DE LOS MONUMENTOS. Celebramos el entusiasmo y alegr\u00eda con que todos los participantes realizaron el recorrido.\u00a0<\/p>\n\n\n\n<figure class=\"wp-block-image\"><img decoding=\"async\" width=\"1024\" height=\"768\" data-attachment-id=\"51441\" data-permalink=\"https:\/\/eldiariodesanpedro.com.ar\/sitio\/exitosa-visita-a-la-aduana-san-pedro\/charla\/\" data-orig-file=\"https:\/\/eldiariodesanpedro.com.ar\/sitio\/wp-content\/uploads\/2019\/05\/CHARLA.jpg\" data-orig-size=\"1040,780\" data-comments-opened=\"1\" data-image-meta=\"{&quot;aperture&quot;:&quot;0&quot;,&quot;credit&quot;:&quot;&quot;,&quot;camera&quot;:&quot;&quot;,&quot;caption&quot;:&quot;&quot;,&quot;created_timestamp&quot;:&quot;0&quot;,&quot;copyright&quot;:&quot;&quot;,&quot;focal_length&quot;:&quot;0&quot;,&quot;iso&quot;:&quot;0&quot;,&quot;shutter_speed&quot;:&quot;0&quot;,&quot;title&quot;:&quot;&quot;,&quot;orientation&quot;:&quot;0&quot;}\" data-image-title=\"CHARLA\" data-image-description=\"\" data-image-caption=\"\" data-large-file=\"https:\/\/eldiariodesanpedro.com.ar\/sitio\/wp-content\/uploads\/2019\/05\/CHARLA-1024x768.jpg\" data-src=\"https:\/\/eldiariodesanpedro.com.ar\/sitio\/wp-content\/uploads\/2019\/05\/CHARLA-1024x768.jpg\" alt=\"\" class=\"wp-image-51441 lazyload\" data-srcset=\"https:\/\/eldiariodesanpedro.com.ar\/sitio\/wp-content\/uploads\/2019\/05\/CHARLA-1024x768.jpg 1024w, https:\/\/eldiariodesanpedro.com.ar\/sitio\/wp-content\/uploads\/2019\/05\/CHARLA-300x225.jpg 300w, https:\/\/eldiariodesanpedro.com.ar\/sitio\/wp-content\/uploads\/2019\/05\/CHARLA-768x576.jpg 768w, https:\/\/eldiariodesanpedro.com.ar\/sitio\/wp-content\/uploads\/2019\/05\/CHARLA.jpg 1040w\" data-sizes=\"(max-width: 1024px) 100vw, 1024px\" src=\"data:image\/svg+xml;base64,PHN2ZyB3aWR0aD0iMSIgaGVpZ2h0PSIxIiB4bWxucz0iaHR0cDovL3d3dy53My5vcmcvMjAwMC9zdmciPjwvc3ZnPg==\" style=\"--smush-placeholder-width: 1024px; --smush-placeholder-aspect-ratio: 1024\/768;\" \/><\/figure>\n\n\n\n<figure class=\"wp-block-image\"><img decoding=\"async\" width=\"1024\" height=\"768\" data-attachment-id=\"51442\" data-permalink=\"https:\/\/eldiariodesanpedro.com.ar\/sitio\/exitosa-visita-a-la-aduana-san-pedro\/plazoleta-brown\/\" data-orig-file=\"https:\/\/eldiariodesanpedro.com.ar\/sitio\/wp-content\/uploads\/2019\/05\/PLAZOLETA-BROWN.jpg\" data-orig-size=\"1040,780\" data-comments-opened=\"1\" data-image-meta=\"{&quot;aperture&quot;:&quot;0&quot;,&quot;credit&quot;:&quot;&quot;,&quot;camera&quot;:&quot;&quot;,&quot;caption&quot;:&quot;&quot;,&quot;created_timestamp&quot;:&quot;0&quot;,&quot;copyright&quot;:&quot;&quot;,&quot;focal_length&quot;:&quot;0&quot;,&quot;iso&quot;:&quot;0&quot;,&quot;shutter_speed&quot;:&quot;0&quot;,&quot;title&quot;:&quot;&quot;,&quot;orientation&quot;:&quot;0&quot;}\" data-image-title=\"PLAZOLETA BROWN\" data-image-description=\"\" data-image-caption=\"\" data-large-file=\"https:\/\/eldiariodesanpedro.com.ar\/sitio\/wp-content\/uploads\/2019\/05\/PLAZOLETA-BROWN-1024x768.jpg\" data-src=\"https:\/\/eldiariodesanpedro.com.ar\/sitio\/wp-content\/uploads\/2019\/05\/PLAZOLETA-BROWN-1024x768.jpg\" alt=\"\" class=\"wp-image-51442 lazyload\" data-srcset=\"https:\/\/eldiariodesanpedro.com.ar\/sitio\/wp-content\/uploads\/2019\/05\/PLAZOLETA-BROWN-1024x768.jpg 1024w, https:\/\/eldiariodesanpedro.com.ar\/sitio\/wp-content\/uploads\/2019\/05\/PLAZOLETA-BROWN-300x225.jpg 300w, https:\/\/eldiariodesanpedro.com.ar\/sitio\/wp-content\/uploads\/2019\/05\/PLAZOLETA-BROWN-768x576.jpg 768w, https:\/\/eldiariodesanpedro.com.ar\/sitio\/wp-content\/uploads\/2019\/05\/PLAZOLETA-BROWN.jpg 1040w\" data-sizes=\"(max-width: 1024px) 100vw, 1024px\" src=\"data:image\/svg+xml;base64,PHN2ZyB3aWR0aD0iMSIgaGVpZ2h0PSIxIiB4bWxucz0iaHR0cDovL3d3dy53My5vcmcvMjAwMC9zdmciPjwvc3ZnPg==\" style=\"--smush-placeholder-width: 1024px; --smush-placeholder-aspect-ratio: 1024\/768;\" \/><\/figure>\n","protected":false},"excerpt":{"rendered":"<p>Se realiz\u00f3 este domingo el D\u00eda Nacional de los Monumentos que comenz\u00f3 en el Museo Hist\u00f3rico donde luego de un recorrido se pudo apreciar la g\u00e9nesis de la Aduana como instituci\u00f3n nacional, los puertos sampedrinos y la creaci\u00f3n de la Receptor\u00eda local.\u00a0 El evento continu\u00f3 con un recorrido guiado por la Costanera Alta visitando la [&hellip;]<\/p>\n","protected":false},"author":4,"featured_media":51440,"comment_status":"open","ping_status":"closed","sticky":false,"template":"","format":"standard","meta":{"om_disable_all_campaigns":false,"_jetpack_memberships_contains_paid_content":false,"footnotes":""},"categories":[101,2],"tags":[],"class_list":["post-51439","post","type-post","status-publish","format-standard","has-post-thumbnail","hentry","category-interes-general-locales","category-locales"],"aioseo_notices":[],"gutentor_comment":0,"jetpack_featured_media_url":"https:\/\/eldiariodesanpedro.com.ar\/sitio\/wp-content\/uploads\/2019\/05\/CENTRO-DE-ESTUDIOS-HIST\u00d3RICOS-Y-AUTORIDADES.jpg","jetpack_shortlink":"https:\/\/wp.me\/p6RhLt-dnF","jetpack_sharing_enabled":true,"_links":{"self":[{"href":"https:\/\/eldiariodesanpedro.com.ar\/sitio\/wp-json\/wp\/v2\/posts\/51439","targetHints":{"allow":["GET"]}}],"collection":[{"href":"https:\/\/eldiariodesanpedro.com.ar\/sitio\/wp-json\/wp\/v2\/posts"}],"about":[{"href":"https:\/\/eldiariodesanpedro.com.ar\/sitio\/wp-json\/wp\/v2\/types\/post"}],"author":[{"embeddable":true,"href":"https:\/\/eldiariodesanpedro.com.ar\/sitio\/wp-json\/wp\/v2\/users\/4"}],"replies":[{"embeddable":true,"href":"https:\/\/eldiariodesanpedro.com.ar\/sitio\/wp-json\/wp\/v2\/comments?post=51439"}],"version-history":[{"count":1,"href":"https:\/\/eldiariodesanpedro.com.ar\/sitio\/wp-json\/wp\/v2\/posts\/51439\/revisions"}],"predecessor-version":[{"id":51443,"href":"https:\/\/eldiariodesanpedro.com.ar\/sitio\/wp-json\/wp\/v2\/posts\/51439\/revisions\/51443"}],"wp:featuredmedia":[{"embeddable":true,"href":"https:\/\/eldiariodesanpedro.com.ar\/sitio\/wp-json\/wp\/v2\/media\/51440"}],"wp:attachment":[{"href":"https:\/\/eldiariodesanpedro.com.ar\/sitio\/wp-json\/wp\/v2\/media?parent=51439"}],"wp:term":[{"taxonomy":"category","embeddable":true,"href":"https:\/\/eldiariodesanpedro.com.ar\/sitio\/wp-json\/wp\/v2\/categories?post=51439"},{"taxonomy":"post_tag","embeddable":true,"href":"https:\/\/eldiariodesanpedro.com.ar\/sitio\/wp-json\/wp\/v2\/tags?post=51439"}],"curies":[{"name":"wp","href":"https:\/\/api.w.org\/{rel}","templated":true}]}}