{"id":51437,"date":"2019-05-06T09:53:53","date_gmt":"2019-05-06T12:53:53","guid":{"rendered":"https:\/\/eldiariodesanpedro.com.ar\/sitio\/?p=51437"},"modified":"2019-05-06T09:53:59","modified_gmt":"2019-05-06T12:53:59","slug":"del-interior-de-un-automovil-sustrajeron-herramientas-varias","status":"publish","type":"post","link":"https:\/\/eldiariodesanpedro.com.ar\/sitio\/del-interior-de-un-automovil-sustrajeron-herramientas-varias\/","title":{"rendered":"Del interior de un autom\u00f3vil, sustrajeron herramientas varias"},"content":{"rendered":"<!-- VideographyWP Plugin Message: Automatic video embedding prevented by plugin options. -->\n\n<p>El hecho se produjo sobre calle Caroni al 1200. El rodado se encontraba estacionado en la parte delantera de la vivienda. <\/p>\n\n\n\n<p>Sucedi\u00f3 en la tarde del domingo, cuando un hombre de 63 a\u00f1os de edad, deja estacionado su autom\u00f3vil dentro de la parte delantera de su vivienda sita en calle Caroni al 1200.<\/p>\n\n\n\n<p>Luego de ingresar a la dicha morada, delincuentes ignorados logran entrar y abrir las puertas del rodado,  sin ejercer violencia, sustrayendo del interior  herramientas varias de trabajo.<\/p>\n\n\n\n<p>El propietario realizo la denuncia en la comisaria local y toma intervenci\u00f3n la fiscalia N\u00ba5, a cargo del Dr Manso.<\/p>\n","protected":false},"excerpt":{"rendered":"<p>El hecho se produjo sobre calle Caroni al 1200. El rodado se encontraba estacionado en la parte delantera de la vivienda. Sucedi\u00f3 en la tarde del domingo, cuando un hombre de 63 a\u00f1os de edad, deja estacionado su autom\u00f3vil dentro de la parte delantera de su vivienda sita en calle Caroni al 1200. Luego de [&hellip;]<\/p>\n","protected":false},"author":4,"featured_media":47887,"comment_status":"open","ping_status":"closed","sticky":false,"template":"","format":"standard","meta":{"om_disable_all_campaigns":false,"_jetpack_memberships_contains_paid_content":false,"footnotes":""},"categories":[2,103],"tags":[],"class_list":["post-51437","post","type-post","status-publish","format-standard","has-post-thumbnail","hentry","category-locales","category-policiales-locales"],"aioseo_notices":[],"gutentor_comment":0,"jetpack_featured_media_url":"https:\/\/eldiariodesanpedro.com.ar\/sitio\/wp-content\/uploads\/2019\/02\/patrullero-policia_5.jpg","jetpack_shortlink":"https:\/\/wp.me\/p6RhLt-dnD","jetpack_sharing_enabled":true,"_links":{"self":[{"href":"https:\/\/eldiariodesanpedro.com.ar\/sitio\/wp-json\/wp\/v2\/posts\/51437","targetHints":{"allow":["GET"]}}],"collection":[{"href":"https:\/\/eldiariodesanpedro.com.ar\/sitio\/wp-json\/wp\/v2\/posts"}],"about":[{"href":"https:\/\/eldiariodesanpedro.com.ar\/sitio\/wp-json\/wp\/v2\/types\/post"}],"author":[{"embeddable":true,"href":"https:\/\/eldiariodesanpedro.com.ar\/sitio\/wp-json\/wp\/v2\/users\/4"}],"replies":[{"embeddable":true,"href":"https:\/\/eldiariodesanpedro.com.ar\/sitio\/wp-json\/wp\/v2\/comments?post=51437"}],"version-history":[{"count":1,"href":"https:\/\/eldiariodesanpedro.com.ar\/sitio\/wp-json\/wp\/v2\/posts\/51437\/revisions"}],"predecessor-version":[{"id":51438,"href":"https:\/\/eldiariodesanpedro.com.ar\/sitio\/wp-json\/wp\/v2\/posts\/51437\/revisions\/51438"}],"wp:featuredmedia":[{"embeddable":true,"href":"https:\/\/eldiariodesanpedro.com.ar\/sitio\/wp-json\/wp\/v2\/media\/47887"}],"wp:attachment":[{"href":"https:\/\/eldiariodesanpedro.com.ar\/sitio\/wp-json\/wp\/v2\/media?parent=51437"}],"wp:term":[{"taxonomy":"category","embeddable":true,"href":"https:\/\/eldiariodesanpedro.com.ar\/sitio\/wp-json\/wp\/v2\/categories?post=51437"},{"taxonomy":"post_tag","embeddable":true,"href":"https:\/\/eldiariodesanpedro.com.ar\/sitio\/wp-json\/wp\/v2\/tags?post=51437"}],"curies":[{"name":"wp","href":"https:\/\/api.w.org\/{rel}","templated":true}]}}