{"id":51431,"date":"2019-05-06T09:22:57","date_gmt":"2019-05-06T12:22:57","guid":{"rendered":"https:\/\/eldiariodesanpedro.com.ar\/sitio\/?p=51431"},"modified":"2019-05-06T09:23:07","modified_gmt":"2019-05-06T12:23:07","slug":"joven-golpeo-y-amenazo-con-un-arma-blanca-a-otra-fue-aprehendida","status":"publish","type":"post","link":"https:\/\/eldiariodesanpedro.com.ar\/sitio\/joven-golpeo-y-amenazo-con-un-arma-blanca-a-otra-fue-aprehendida\/","title":{"rendered":"Joven golpeo y amenazo con un arma blanca a otra, fue aprehendida"},"content":{"rendered":"<!-- VideographyWP Plugin Message: Automatic video embedding prevented by plugin options. -->\n\n<p>El hecho sucedi\u00f3 en la madrugada del domingo, una menor de 16 a\u00f1os de edad, protagonizo una ri\u00f1a con otra joven intentando agredirla con un arma blanca. Fue aprehendida.<\/p>\n\n\n\n<p>La episodio tuvo lugar en la v\u00eda publica, en intersecci\u00f3n de las calles Pellegrini y Obligado, donde una adolescente de 16 junto con otra amiga, protagonizaron una ri\u00f1a agrediendo a otra joven.<\/p>\n\n\n\n<p> Personal del GAD, al ser alertado, y tras r\u00e1pido accionar, procede a la aprehensi\u00f3n de la misma,  quien al momento del arribo de los efectivos tenia en su poder un arma blanca de tipo casera, con la cual no llego a lastimar a la otra joven pero si agredirla f\u00edsicamente con golpes de pu\u00f1o.<\/p>\n\n\n\n<p>Al ser reducida sin oponer resistencia,  es trasladada a la dependencia local. La otra joven protagonista del hecho se dio a la fuga sin lograr identificaci\u00f3n.<\/p>\n\n\n\n<p>Toma intervenci\u00f3n la Fiscalia del Joven de San Nicolas, se le imponen recaudos legales y posterior libertad.<\/p>\n\n\n\n<p><br><\/p>\n","protected":false},"excerpt":{"rendered":"<p>El hecho sucedi\u00f3 en la madrugada del domingo, una menor de 16 a\u00f1os de edad, protagonizo una ri\u00f1a con otra joven intentando agredirla con un arma blanca. Fue aprehendida. La episodio tuvo lugar en la v\u00eda publica, en intersecci\u00f3n de las calles Pellegrini y Obligado, donde una adolescente de 16 junto con otra amiga, protagonizaron [&hellip;]<\/p>\n","protected":false},"author":4,"featured_media":51432,"comment_status":"open","ping_status":"closed","sticky":false,"template":"","format":"standard","meta":{"om_disable_all_campaigns":false,"_jetpack_memberships_contains_paid_content":false,"footnotes":""},"categories":[2,103],"tags":[],"class_list":["post-51431","post","type-post","status-publish","format-standard","has-post-thumbnail","hentry","category-locales","category-policiales-locales"],"aioseo_notices":[],"gutentor_comment":0,"jetpack_featured_media_url":"https:\/\/eldiariodesanpedro.com.ar\/sitio\/wp-content\/uploads\/2019\/05\/WhatsApp-Image-2019-05-05-at-7.27.08-PM.jpeg","jetpack_shortlink":"https:\/\/wp.me\/p6RhLt-dnx","jetpack_sharing_enabled":true,"_links":{"self":[{"href":"https:\/\/eldiariodesanpedro.com.ar\/sitio\/wp-json\/wp\/v2\/posts\/51431","targetHints":{"allow":["GET"]}}],"collection":[{"href":"https:\/\/eldiariodesanpedro.com.ar\/sitio\/wp-json\/wp\/v2\/posts"}],"about":[{"href":"https:\/\/eldiariodesanpedro.com.ar\/sitio\/wp-json\/wp\/v2\/types\/post"}],"author":[{"embeddable":true,"href":"https:\/\/eldiariodesanpedro.com.ar\/sitio\/wp-json\/wp\/v2\/users\/4"}],"replies":[{"embeddable":true,"href":"https:\/\/eldiariodesanpedro.com.ar\/sitio\/wp-json\/wp\/v2\/comments?post=51431"}],"version-history":[{"count":1,"href":"https:\/\/eldiariodesanpedro.com.ar\/sitio\/wp-json\/wp\/v2\/posts\/51431\/revisions"}],"predecessor-version":[{"id":51433,"href":"https:\/\/eldiariodesanpedro.com.ar\/sitio\/wp-json\/wp\/v2\/posts\/51431\/revisions\/51433"}],"wp:featuredmedia":[{"embeddable":true,"href":"https:\/\/eldiariodesanpedro.com.ar\/sitio\/wp-json\/wp\/v2\/media\/51432"}],"wp:attachment":[{"href":"https:\/\/eldiariodesanpedro.com.ar\/sitio\/wp-json\/wp\/v2\/media?parent=51431"}],"wp:term":[{"taxonomy":"category","embeddable":true,"href":"https:\/\/eldiariodesanpedro.com.ar\/sitio\/wp-json\/wp\/v2\/categories?post=51431"},{"taxonomy":"post_tag","embeddable":true,"href":"https:\/\/eldiariodesanpedro.com.ar\/sitio\/wp-json\/wp\/v2\/tags?post=51431"}],"curies":[{"name":"wp","href":"https:\/\/api.w.org\/{rel}","templated":true}]}}