{"id":51425,"date":"2019-05-05T18:55:14","date_gmt":"2019-05-05T21:55:14","guid":{"rendered":"https:\/\/eldiariodesanpedro.com.ar\/sitio\/?p=51425"},"modified":"2019-05-05T18:55:20","modified_gmt":"2019-05-05T21:55:20","slug":"un-aprehendido-y-un-herido-por-rina","status":"publish","type":"post","link":"https:\/\/eldiariodesanpedro.com.ar\/sitio\/un-aprehendido-y-un-herido-por-rina\/","title":{"rendered":"Un aprehendido y un herido por ri\u00f1a"},"content":{"rendered":"<!-- VideographyWP Plugin Message: Automatic video embedding prevented by plugin options. -->\n\n<p>Este d\u00eda s\u00e1bado se present\u00f3 un m\u00f3vil policial en la intersecci\u00f3n de las calles  Almafuerte y Ruiz Moreno donde los efectivos terminaron con la  aprehensi\u00f3n de un masculino mayor de edad quien se hallaba agrediendo f\u00edsicamente a otra persona. <\/p>\n\n\n\n<p>Uno de los lesionados fue derivado al hospital local donde se determin\u00f3 que las heridas eran de car\u00e1cter leves.<\/p>\n","protected":false},"excerpt":{"rendered":"<p>Este d\u00eda s\u00e1bado se present\u00f3 un m\u00f3vil policial en la intersecci\u00f3n de las calles Almafuerte y Ruiz Moreno donde los efectivos terminaron con la aprehensi\u00f3n de un masculino mayor de edad quien se hallaba agrediendo f\u00edsicamente a otra persona. Uno de los lesionados fue derivado al hospital local donde se determin\u00f3 que las heridas eran [&hellip;]<\/p>\n","protected":false},"author":4,"featured_media":24562,"comment_status":"open","ping_status":"closed","sticky":false,"template":"","format":"standard","meta":{"om_disable_all_campaigns":false,"_jetpack_memberships_contains_paid_content":false,"footnotes":""},"categories":[2,103],"tags":[],"class_list":["post-51425","post","type-post","status-publish","format-standard","has-post-thumbnail","hentry","category-locales","category-policiales-locales"],"aioseo_notices":[],"gutentor_comment":0,"jetpack_featured_media_url":"https:\/\/eldiariodesanpedro.com.ar\/sitio\/wp-content\/uploads\/2017\/10\/policia-patrulla-noche.jpg","jetpack_shortlink":"https:\/\/wp.me\/p6RhLt-dnr","jetpack_sharing_enabled":true,"_links":{"self":[{"href":"https:\/\/eldiariodesanpedro.com.ar\/sitio\/wp-json\/wp\/v2\/posts\/51425","targetHints":{"allow":["GET"]}}],"collection":[{"href":"https:\/\/eldiariodesanpedro.com.ar\/sitio\/wp-json\/wp\/v2\/posts"}],"about":[{"href":"https:\/\/eldiariodesanpedro.com.ar\/sitio\/wp-json\/wp\/v2\/types\/post"}],"author":[{"embeddable":true,"href":"https:\/\/eldiariodesanpedro.com.ar\/sitio\/wp-json\/wp\/v2\/users\/4"}],"replies":[{"embeddable":true,"href":"https:\/\/eldiariodesanpedro.com.ar\/sitio\/wp-json\/wp\/v2\/comments?post=51425"}],"version-history":[{"count":1,"href":"https:\/\/eldiariodesanpedro.com.ar\/sitio\/wp-json\/wp\/v2\/posts\/51425\/revisions"}],"predecessor-version":[{"id":51426,"href":"https:\/\/eldiariodesanpedro.com.ar\/sitio\/wp-json\/wp\/v2\/posts\/51425\/revisions\/51426"}],"wp:featuredmedia":[{"embeddable":true,"href":"https:\/\/eldiariodesanpedro.com.ar\/sitio\/wp-json\/wp\/v2\/media\/24562"}],"wp:attachment":[{"href":"https:\/\/eldiariodesanpedro.com.ar\/sitio\/wp-json\/wp\/v2\/media?parent=51425"}],"wp:term":[{"taxonomy":"category","embeddable":true,"href":"https:\/\/eldiariodesanpedro.com.ar\/sitio\/wp-json\/wp\/v2\/categories?post=51425"},{"taxonomy":"post_tag","embeddable":true,"href":"https:\/\/eldiariodesanpedro.com.ar\/sitio\/wp-json\/wp\/v2\/tags?post=51425"}],"curies":[{"name":"wp","href":"https:\/\/api.w.org\/{rel}","templated":true}]}}