{"id":51421,"date":"2019-05-05T18:47:17","date_gmt":"2019-05-05T21:47:17","guid":{"rendered":"https:\/\/eldiariodesanpedro.com.ar\/sitio\/?p=51421"},"modified":"2019-05-05T18:47:24","modified_gmt":"2019-05-05T21:47:24","slug":"buscan-a-una-joven-de-15-anos-que-se-ahuyento-del-hogar-gomendio","status":"publish","type":"post","link":"https:\/\/eldiariodesanpedro.com.ar\/sitio\/buscan-a-una-joven-de-15-anos-que-se-ahuyento-del-hogar-gomendio\/","title":{"rendered":"Buscan a una joven de 15 a\u00f1os que se ahuyent\u00f3 del Hogar Gomendio"},"content":{"rendered":"<!-- VideographyWP Plugin Message: Automatic video embedding prevented by plugin options. -->\n\n<p> Se recibi\u00f3 una denuncia en la comisar\u00eda local por parte de la directora Hogar Gomendio, ubicado en  calle 9 de Julio 230 quien declaro que pasadas las 19:00 hs del sabado, ella toma conocimiento que interna de nacionalidad  paraguaya de 15 a\u00f1os de edad, quien hace  4 a\u00f1os reside en el lugar,  se retira voluntariamente del hogar, no regresando ignorando actual paradero. <\/p>\n\n\n\n<p>Causante vest\u00eda jeans azul, remera blanca con estampado, zapatillas negras, f\u00edsicamente resulta contextura f\u00edsica mediana, tez trigue\u00f1o, cabellos largos casta\u00f1o oscuro ondulado, ojos negros, de 1.65 metros de estatura, ignora se\u00f1as particulares. <\/p>\n\n\n\n<p>No posee documentaci\u00f3n en su poder, no resulta reincidente, no tiene familiares en la localidad. Tras declaraci\u00f3n de compa\u00f1era del hogar coment\u00f3  se retir\u00f3 del lugar abordando veh\u00edculo negro donde iba una hermana y cu\u00f1ado, de los que se ignoran datos, y supuesto novio, exinterno del hogar y radicado en este medio, todos se dirigieron hacia Buenos Aires donde causante tiene familiares, ignorando donde, ya que habr\u00eda manifestado esas intenciones a otras internas.<\/p>\n","protected":false},"excerpt":{"rendered":"<p>Se recibi\u00f3 una denuncia en la comisar\u00eda local por parte de la directora Hogar Gomendio, ubicado en calle 9 de Julio 230 quien declaro que pasadas las 19:00 hs del sabado, ella toma conocimiento que interna de nacionalidad paraguaya de 15 a\u00f1os de edad, quien hace 4 a\u00f1os reside en el lugar, se retira voluntariamente [&hellip;]<\/p>\n","protected":false},"author":4,"featured_media":6680,"comment_status":"open","ping_status":"closed","sticky":false,"template":"","format":"standard","meta":{"om_disable_all_campaigns":false,"_jetpack_memberships_contains_paid_content":false,"footnotes":""},"categories":[2,103],"tags":[],"class_list":["post-51421","post","type-post","status-publish","format-standard","has-post-thumbnail","hentry","category-locales","category-policiales-locales"],"aioseo_notices":[],"gutentor_comment":0,"jetpack_featured_media_url":"https:\/\/eldiariodesanpedro.com.ar\/sitio\/wp-content\/uploads\/2016\/08\/Hogar-gomendio.jpg","jetpack_shortlink":"https:\/\/wp.me\/p6RhLt-dnn","jetpack_sharing_enabled":true,"_links":{"self":[{"href":"https:\/\/eldiariodesanpedro.com.ar\/sitio\/wp-json\/wp\/v2\/posts\/51421","targetHints":{"allow":["GET"]}}],"collection":[{"href":"https:\/\/eldiariodesanpedro.com.ar\/sitio\/wp-json\/wp\/v2\/posts"}],"about":[{"href":"https:\/\/eldiariodesanpedro.com.ar\/sitio\/wp-json\/wp\/v2\/types\/post"}],"author":[{"embeddable":true,"href":"https:\/\/eldiariodesanpedro.com.ar\/sitio\/wp-json\/wp\/v2\/users\/4"}],"replies":[{"embeddable":true,"href":"https:\/\/eldiariodesanpedro.com.ar\/sitio\/wp-json\/wp\/v2\/comments?post=51421"}],"version-history":[{"count":1,"href":"https:\/\/eldiariodesanpedro.com.ar\/sitio\/wp-json\/wp\/v2\/posts\/51421\/revisions"}],"predecessor-version":[{"id":51422,"href":"https:\/\/eldiariodesanpedro.com.ar\/sitio\/wp-json\/wp\/v2\/posts\/51421\/revisions\/51422"}],"wp:featuredmedia":[{"embeddable":true,"href":"https:\/\/eldiariodesanpedro.com.ar\/sitio\/wp-json\/wp\/v2\/media\/6680"}],"wp:attachment":[{"href":"https:\/\/eldiariodesanpedro.com.ar\/sitio\/wp-json\/wp\/v2\/media?parent=51421"}],"wp:term":[{"taxonomy":"category","embeddable":true,"href":"https:\/\/eldiariodesanpedro.com.ar\/sitio\/wp-json\/wp\/v2\/categories?post=51421"},{"taxonomy":"post_tag","embeddable":true,"href":"https:\/\/eldiariodesanpedro.com.ar\/sitio\/wp-json\/wp\/v2\/tags?post=51421"}],"curies":[{"name":"wp","href":"https:\/\/api.w.org\/{rel}","templated":true}]}}