{"id":51419,"date":"2019-05-05T18:40:01","date_gmt":"2019-05-05T21:40:01","guid":{"rendered":"https:\/\/eldiariodesanpedro.com.ar\/sitio\/?p=51419"},"modified":"2019-05-05T18:40:07","modified_gmt":"2019-05-05T21:40:07","slug":"se-secuestro-una-motocicleta-2","status":"publish","type":"post","link":"https:\/\/eldiariodesanpedro.com.ar\/sitio\/se-secuestro-una-motocicleta-2\/","title":{"rendered":"Se secuestr\u00f3 una motocicleta"},"content":{"rendered":"<!-- VideographyWP Plugin Message: Automatic video embedding prevented by plugin options. -->\n\n<p>En la intersecci\u00f3n de las calles Lucio Mansilla y Manuel Iglesias la polic\u00eda de nuestra localidad procedi\u00f3 a la aprehensi\u00f3n de ciudadano mayor de edad quien se movilizaba en motocicleta Gilera Smash 110 cc. la cual posee pedido de secuestro activo por hurto por la que tom\u00f3 Intervenci\u00f3n la UFI 11 San Pedro fecha de alta 15 de diciembre de 2018. <\/p>\n","protected":false},"excerpt":{"rendered":"<p>En la intersecci\u00f3n de las calles Lucio Mansilla y Manuel Iglesias la polic\u00eda de nuestra localidad procedi\u00f3 a la aprehensi\u00f3n de ciudadano mayor de edad quien se movilizaba en motocicleta Gilera Smash 110 cc. la cual posee pedido de secuestro activo por hurto por la que tom\u00f3 Intervenci\u00f3n la UFI 11 San Pedro fecha de [&hellip;]<\/p>\n","protected":false},"author":4,"featured_media":11797,"comment_status":"open","ping_status":"closed","sticky":false,"template":"","format":"standard","meta":{"om_disable_all_campaigns":false,"_jetpack_memberships_contains_paid_content":false,"footnotes":""},"categories":[2,103],"tags":[],"class_list":["post-51419","post","type-post","status-publish","format-standard","has-post-thumbnail","hentry","category-locales","category-policiales-locales"],"aioseo_notices":[],"gutentor_comment":1,"jetpack_featured_media_url":"https:\/\/eldiariodesanpedro.com.ar\/sitio\/wp-content\/uploads\/2016\/12\/moto-secuestrada.jpg","jetpack_shortlink":"https:\/\/wp.me\/p6RhLt-dnl","jetpack_sharing_enabled":true,"_links":{"self":[{"href":"https:\/\/eldiariodesanpedro.com.ar\/sitio\/wp-json\/wp\/v2\/posts\/51419","targetHints":{"allow":["GET"]}}],"collection":[{"href":"https:\/\/eldiariodesanpedro.com.ar\/sitio\/wp-json\/wp\/v2\/posts"}],"about":[{"href":"https:\/\/eldiariodesanpedro.com.ar\/sitio\/wp-json\/wp\/v2\/types\/post"}],"author":[{"embeddable":true,"href":"https:\/\/eldiariodesanpedro.com.ar\/sitio\/wp-json\/wp\/v2\/users\/4"}],"replies":[{"embeddable":true,"href":"https:\/\/eldiariodesanpedro.com.ar\/sitio\/wp-json\/wp\/v2\/comments?post=51419"}],"version-history":[{"count":1,"href":"https:\/\/eldiariodesanpedro.com.ar\/sitio\/wp-json\/wp\/v2\/posts\/51419\/revisions"}],"predecessor-version":[{"id":51420,"href":"https:\/\/eldiariodesanpedro.com.ar\/sitio\/wp-json\/wp\/v2\/posts\/51419\/revisions\/51420"}],"wp:featuredmedia":[{"embeddable":true,"href":"https:\/\/eldiariodesanpedro.com.ar\/sitio\/wp-json\/wp\/v2\/media\/11797"}],"wp:attachment":[{"href":"https:\/\/eldiariodesanpedro.com.ar\/sitio\/wp-json\/wp\/v2\/media?parent=51419"}],"wp:term":[{"taxonomy":"category","embeddable":true,"href":"https:\/\/eldiariodesanpedro.com.ar\/sitio\/wp-json\/wp\/v2\/categories?post=51419"},{"taxonomy":"post_tag","embeddable":true,"href":"https:\/\/eldiariodesanpedro.com.ar\/sitio\/wp-json\/wp\/v2\/tags?post=51419"}],"curies":[{"name":"wp","href":"https:\/\/api.w.org\/{rel}","templated":true}]}}