{"id":51409,"date":"2019-05-05T18:12:54","date_gmt":"2019-05-05T21:12:54","guid":{"rendered":"https:\/\/eldiariodesanpedro.com.ar\/sitio\/?p=51409"},"modified":"2019-05-05T18:13:03","modified_gmt":"2019-05-05T21:13:03","slug":"finalizaron-las-reuniones-sectoriales-en-el-ccit","status":"publish","type":"post","link":"https:\/\/eldiariodesanpedro.com.ar\/sitio\/finalizaron-las-reuniones-sectoriales-en-el-ccit\/","title":{"rendered":"Finalizaron las reuniones sectoriales en el CCIT"},"content":{"rendered":"<!-- VideographyWP Plugin Message: Automatic video embedding prevented by plugin options. -->\n\n<p>Concluy\u00f3 la primera tanda de encuentros sectoriales convocados por la Comisi\u00f3n Directiva del Centro de Comercio de San Pedro, planteados como una apertura hacia todos los protagonistas de la econom\u00eda sampedrina con el objetivo de tomar de mejor modo el \u201cpulso\u201d de la realidad que viven los sectores que representa la entidad.<\/p>\n\n\n\n<p> La respuesta cubri\u00f3 las expectativas, sobre todo cualitativamente y en todos los encuentros se pudieron establecer intercambios muy valiosos. <br> Estas reuniones han permitido compartir aquellas cosas que preocupan el desarrollo de las actividades y escuchar opiniones tendientes a la b\u00fasqueda de soluciones de conjunto.<\/p>\n\n\n\n<p> Adem\u00e1s, se pudieron plasmar conclusiones clasificadas por sectores que ser\u00e1n tenidas en cuenta en la gesti\u00f3n de programas de apoyo en formaci\u00f3n empresarial, desarrollo territorial, atracci\u00f3n de inversiones, emprendedorismo, lealtad comercial, formulaci\u00f3n de proyectos, observatorio sectorial, entre muchos otros.<\/p>\n\n\n\n<p> El Centro de Comercio en representaci\u00f3n de sus socios dispondr\u00e1 en los pr\u00f3ximos meses de servicios orientados a contribuir a una mejora continua de cada espacio.<\/p>\n\n\n\n<p> Desde la Comisi\u00f3n Directiva se agradece a todos los participantes y se invita a los interesados en comunicarse y recibir informaci\u00f3n sobre las novedades de la instituci\u00f3n a incorporar como contacto el n\u00famero exclusivo para WhatsApp 3329-590000.<\/p>\n","protected":false},"excerpt":{"rendered":"<p>Concluy\u00f3 la primera tanda de encuentros sectoriales convocados por la Comisi\u00f3n Directiva del Centro de Comercio de San Pedro, planteados como una apertura hacia todos los protagonistas de la econom\u00eda sampedrina con el objetivo de tomar de mejor modo el \u201cpulso\u201d de la realidad que viven los sectores que representa la entidad. La respuesta cubri\u00f3 [&hellip;]<\/p>\n","protected":false},"author":4,"featured_media":51410,"comment_status":"open","ping_status":"closed","sticky":false,"template":"","format":"standard","meta":{"om_disable_all_campaigns":false,"_jetpack_memberships_contains_paid_content":false,"footnotes":""},"categories":[101,2],"tags":[],"class_list":["post-51409","post","type-post","status-publish","format-standard","has-post-thumbnail","hentry","category-interes-general-locales","category-locales"],"aioseo_notices":[],"gutentor_comment":0,"jetpack_featured_media_url":"https:\/\/eldiariodesanpedro.com.ar\/sitio\/wp-content\/uploads\/2019\/05\/58887010_2661811637226615_9196007997053075456_n.jpg","jetpack_shortlink":"https:\/\/wp.me\/p6RhLt-dnb","jetpack_sharing_enabled":true,"_links":{"self":[{"href":"https:\/\/eldiariodesanpedro.com.ar\/sitio\/wp-json\/wp\/v2\/posts\/51409","targetHints":{"allow":["GET"]}}],"collection":[{"href":"https:\/\/eldiariodesanpedro.com.ar\/sitio\/wp-json\/wp\/v2\/posts"}],"about":[{"href":"https:\/\/eldiariodesanpedro.com.ar\/sitio\/wp-json\/wp\/v2\/types\/post"}],"author":[{"embeddable":true,"href":"https:\/\/eldiariodesanpedro.com.ar\/sitio\/wp-json\/wp\/v2\/users\/4"}],"replies":[{"embeddable":true,"href":"https:\/\/eldiariodesanpedro.com.ar\/sitio\/wp-json\/wp\/v2\/comments?post=51409"}],"version-history":[{"count":1,"href":"https:\/\/eldiariodesanpedro.com.ar\/sitio\/wp-json\/wp\/v2\/posts\/51409\/revisions"}],"predecessor-version":[{"id":51411,"href":"https:\/\/eldiariodesanpedro.com.ar\/sitio\/wp-json\/wp\/v2\/posts\/51409\/revisions\/51411"}],"wp:featuredmedia":[{"embeddable":true,"href":"https:\/\/eldiariodesanpedro.com.ar\/sitio\/wp-json\/wp\/v2\/media\/51410"}],"wp:attachment":[{"href":"https:\/\/eldiariodesanpedro.com.ar\/sitio\/wp-json\/wp\/v2\/media?parent=51409"}],"wp:term":[{"taxonomy":"category","embeddable":true,"href":"https:\/\/eldiariodesanpedro.com.ar\/sitio\/wp-json\/wp\/v2\/categories?post=51409"},{"taxonomy":"post_tag","embeddable":true,"href":"https:\/\/eldiariodesanpedro.com.ar\/sitio\/wp-json\/wp\/v2\/tags?post=51409"}],"curies":[{"name":"wp","href":"https:\/\/api.w.org\/{rel}","templated":true}]}}