{"id":51384,"date":"2019-05-04T12:00:55","date_gmt":"2019-05-04T15:00:55","guid":{"rendered":"https:\/\/eldiariodesanpedro.com.ar\/sitio\/?p=51384"},"modified":"2019-05-04T12:01:04","modified_gmt":"2019-05-04T15:01:04","slug":"zarate-atraparon-a-los-delincuentes-de-la-ruta-12","status":"publish","type":"post","link":"https:\/\/eldiariodesanpedro.com.ar\/sitio\/zarate-atraparon-a-los-delincuentes-de-la-ruta-12\/","title":{"rendered":"ZARATE: Atraparon a los delincuentes de la Ruta 12"},"content":{"rendered":"<!-- VideographyWP Plugin Message: Automatic video embedding prevented by plugin options. -->\n\n<p> Durante la noche del jueves efectivos de Comando Patrulla que se encontraba realizando operativos preventivos, fue advertido de dos hombres que asaltaron a un camionero en la YPF de la rotonda. <\/p>\n\n\n\n<figure class=\"wp-block-image\"><img decoding=\"async\" width=\"720\" height=\"722\" data-attachment-id=\"51385\" data-permalink=\"https:\/\/eldiariodesanpedro.com.ar\/sitio\/zarate-atraparon-a-los-delincuentes-de-la-ruta-12\/fb_img_1556923291780\/\" data-orig-file=\"https:\/\/eldiariodesanpedro.com.ar\/sitio\/wp-content\/uploads\/2019\/05\/FB_IMG_1556923291780.jpg\" data-orig-size=\"720,722\" data-comments-opened=\"1\" data-image-meta=\"{&quot;aperture&quot;:&quot;0&quot;,&quot;credit&quot;:&quot;&quot;,&quot;camera&quot;:&quot;&quot;,&quot;caption&quot;:&quot;&quot;,&quot;created_timestamp&quot;:&quot;0&quot;,&quot;copyright&quot;:&quot;&quot;,&quot;focal_length&quot;:&quot;0&quot;,&quot;iso&quot;:&quot;0&quot;,&quot;shutter_speed&quot;:&quot;0&quot;,&quot;title&quot;:&quot;&quot;,&quot;orientation&quot;:&quot;0&quot;}\" data-image-title=\"FB_IMG_1556923291780\" data-image-description=\"\" data-image-caption=\"\" data-large-file=\"https:\/\/eldiariodesanpedro.com.ar\/sitio\/wp-content\/uploads\/2019\/05\/FB_IMG_1556923291780.jpg\" data-src=\"https:\/\/eldiariodesanpedro.com.ar\/sitio\/wp-content\/uploads\/2019\/05\/FB_IMG_1556923291780.jpg\" alt=\"\" class=\"wp-image-51385 lazyload\" data-srcset=\"https:\/\/eldiariodesanpedro.com.ar\/sitio\/wp-content\/uploads\/2019\/05\/FB_IMG_1556923291780.jpg 720w, https:\/\/eldiariodesanpedro.com.ar\/sitio\/wp-content\/uploads\/2019\/05\/FB_IMG_1556923291780-150x150.jpg 150w, https:\/\/eldiariodesanpedro.com.ar\/sitio\/wp-content\/uploads\/2019\/05\/FB_IMG_1556923291780-300x300.jpg 300w\" data-sizes=\"(max-width: 720px) 100vw, 720px\" src=\"data:image\/svg+xml;base64,PHN2ZyB3aWR0aD0iMSIgaGVpZ2h0PSIxIiB4bWxucz0iaHR0cDovL3d3dy53My5vcmcvMjAwMC9zdmciPjwvc3ZnPg==\" style=\"--smush-placeholder-width: 720px; --smush-placeholder-aspect-ratio: 720\/722;\" \/><\/figure>\n\n\n\n<p>Una vez en el lugar, la v\u00edctima relat\u00f3 haber sido atacado por dos hombres de mediana edad que se trasladaban en un Fiat blanco. Con dicha informaci\u00f3n los Polic\u00edas iniciaron un operativo cerrojo. Como resultado, atraparon al auto en San Cayetano y detuvieron a sus ocupantes con armas de fuego y el dinero sustra\u00eddo.<\/p>\n\n\n\n<p> <br>La causa fue caratulada como \u00abrobo agravado\u00bb. Qued\u00f3 a disposici\u00f3n de la UFI N\u00b07 de Z\u00e1rate. <\/p>\n\n\n\n<p>FUENTE: ZARATE ALERTA<\/p>\n","protected":false},"excerpt":{"rendered":"<p>Durante la noche del jueves efectivos de Comando Patrulla que se encontraba realizando operativos preventivos, fue advertido de dos hombres que asaltaron a un camionero en la YPF de la rotonda. Una vez en el lugar, la v\u00edctima relat\u00f3 haber sido atacado por dos hombres de mediana edad que se trasladaban en un Fiat blanco. [&hellip;]<\/p>\n","protected":false},"author":4,"featured_media":30195,"comment_status":"open","ping_status":"closed","sticky":false,"template":"","format":"standard","meta":{"om_disable_all_campaigns":false,"_jetpack_memberships_contains_paid_content":false,"footnotes":""},"categories":[621],"tags":[],"class_list":["post-51384","post","type-post","status-publish","format-standard","has-post-thumbnail","hentry","category-regionales"],"aioseo_notices":[],"gutentor_comment":0,"jetpack_featured_media_url":"https:\/\/eldiariodesanpedro.com.ar\/sitio\/wp-content\/uploads\/2018\/03\/Aprehendido-y-ofuscado.jpg","jetpack_shortlink":"https:\/\/wp.me\/p6RhLt-dmM","jetpack_sharing_enabled":true,"_links":{"self":[{"href":"https:\/\/eldiariodesanpedro.com.ar\/sitio\/wp-json\/wp\/v2\/posts\/51384","targetHints":{"allow":["GET"]}}],"collection":[{"href":"https:\/\/eldiariodesanpedro.com.ar\/sitio\/wp-json\/wp\/v2\/posts"}],"about":[{"href":"https:\/\/eldiariodesanpedro.com.ar\/sitio\/wp-json\/wp\/v2\/types\/post"}],"author":[{"embeddable":true,"href":"https:\/\/eldiariodesanpedro.com.ar\/sitio\/wp-json\/wp\/v2\/users\/4"}],"replies":[{"embeddable":true,"href":"https:\/\/eldiariodesanpedro.com.ar\/sitio\/wp-json\/wp\/v2\/comments?post=51384"}],"version-history":[{"count":1,"href":"https:\/\/eldiariodesanpedro.com.ar\/sitio\/wp-json\/wp\/v2\/posts\/51384\/revisions"}],"predecessor-version":[{"id":51386,"href":"https:\/\/eldiariodesanpedro.com.ar\/sitio\/wp-json\/wp\/v2\/posts\/51384\/revisions\/51386"}],"wp:featuredmedia":[{"embeddable":true,"href":"https:\/\/eldiariodesanpedro.com.ar\/sitio\/wp-json\/wp\/v2\/media\/30195"}],"wp:attachment":[{"href":"https:\/\/eldiariodesanpedro.com.ar\/sitio\/wp-json\/wp\/v2\/media?parent=51384"}],"wp:term":[{"taxonomy":"category","embeddable":true,"href":"https:\/\/eldiariodesanpedro.com.ar\/sitio\/wp-json\/wp\/v2\/categories?post=51384"},{"taxonomy":"post_tag","embeddable":true,"href":"https:\/\/eldiariodesanpedro.com.ar\/sitio\/wp-json\/wp\/v2\/tags?post=51384"}],"curies":[{"name":"wp","href":"https:\/\/api.w.org\/{rel}","templated":true}]}}