{"id":51380,"date":"2019-05-04T11:38:08","date_gmt":"2019-05-04T14:38:08","guid":{"rendered":"https:\/\/eldiariodesanpedro.com.ar\/sitio\/?p=51380"},"modified":"2019-05-04T11:39:57","modified_gmt":"2019-05-04T14:39:57","slug":"dos-aprehendidos-en-operativo-prevencion-motochorro","status":"publish","type":"post","link":"https:\/\/eldiariodesanpedro.com.ar\/sitio\/dos-aprehendidos-en-operativo-prevencion-motochorro\/","title":{"rendered":"Dos aprehendidos en operativo prevenci\u00f3n motochorro"},"content":{"rendered":"<!-- VideographyWP Plugin Message: Automatic video embedding prevented by plugin options. -->\n\n<p>Los hechos sucedieron en intersecci\u00f3n de las calle Urraco y Almafuerte, y en Belgrano casi Quiroga. En uno de ellos un joven quiso escapar del control policial amenaz\u00e1ndolos con un arma blanca.<\/p>\n\n\n\n<p>As\u00ed fue como en la tarde noche del viernes,  se procedi\u00f3 a la aprehensi\u00f3n de un joven de 23 a\u00f1os de edad cuando los efectivos intentaban identificarlo.<\/p>\n\n\n\n<p>A ra\u00edz del cumplimiento de un operativo denominado \u00aboperativo prevenci\u00f3n motochorro\u00bb, se pudo reducir al agresor y trasladarlo a la dependencia local.<\/p>\n\n\n\n<p>Tambi\u00e9n, en calle Belgrano casi Quiroga,  se aprehendi\u00f3 a una mujer de 28, quien circulaba en una motocicleta 70 cc, con cuadro adulterado.<br><\/p>\n","protected":false},"excerpt":{"rendered":"<p>Los hechos sucedieron en intersecci\u00f3n de las calle Urraco y Almafuerte, y en Belgrano casi Quiroga. En uno de ellos un joven quiso escapar del control policial amenaz\u00e1ndolos con un arma blanca. As\u00ed fue como en la tarde noche del viernes, se procedi\u00f3 a la aprehensi\u00f3n de un joven de 23 a\u00f1os de edad cuando [&hellip;]<\/p>\n","protected":false},"author":4,"featured_media":29146,"comment_status":"open","ping_status":"closed","sticky":false,"template":"","format":"standard","meta":{"om_disable_all_campaigns":false,"_jetpack_memberships_contains_paid_content":false,"footnotes":""},"categories":[2,103],"tags":[],"class_list":["post-51380","post","type-post","status-publish","format-standard","has-post-thumbnail","hentry","category-locales","category-policiales-locales"],"aioseo_notices":[],"gutentor_comment":0,"jetpack_featured_media_url":"https:\/\/eldiariodesanpedro.com.ar\/sitio\/wp-content\/uploads\/2018\/02\/El-sujeto-aprehendido.jpg","jetpack_shortlink":"https:\/\/wp.me\/p6RhLt-dmI","jetpack_sharing_enabled":true,"_links":{"self":[{"href":"https:\/\/eldiariodesanpedro.com.ar\/sitio\/wp-json\/wp\/v2\/posts\/51380","targetHints":{"allow":["GET"]}}],"collection":[{"href":"https:\/\/eldiariodesanpedro.com.ar\/sitio\/wp-json\/wp\/v2\/posts"}],"about":[{"href":"https:\/\/eldiariodesanpedro.com.ar\/sitio\/wp-json\/wp\/v2\/types\/post"}],"author":[{"embeddable":true,"href":"https:\/\/eldiariodesanpedro.com.ar\/sitio\/wp-json\/wp\/v2\/users\/4"}],"replies":[{"embeddable":true,"href":"https:\/\/eldiariodesanpedro.com.ar\/sitio\/wp-json\/wp\/v2\/comments?post=51380"}],"version-history":[{"count":2,"href":"https:\/\/eldiariodesanpedro.com.ar\/sitio\/wp-json\/wp\/v2\/posts\/51380\/revisions"}],"predecessor-version":[{"id":51383,"href":"https:\/\/eldiariodesanpedro.com.ar\/sitio\/wp-json\/wp\/v2\/posts\/51380\/revisions\/51383"}],"wp:featuredmedia":[{"embeddable":true,"href":"https:\/\/eldiariodesanpedro.com.ar\/sitio\/wp-json\/wp\/v2\/media\/29146"}],"wp:attachment":[{"href":"https:\/\/eldiariodesanpedro.com.ar\/sitio\/wp-json\/wp\/v2\/media?parent=51380"}],"wp:term":[{"taxonomy":"category","embeddable":true,"href":"https:\/\/eldiariodesanpedro.com.ar\/sitio\/wp-json\/wp\/v2\/categories?post=51380"},{"taxonomy":"post_tag","embeddable":true,"href":"https:\/\/eldiariodesanpedro.com.ar\/sitio\/wp-json\/wp\/v2\/tags?post=51380"}],"curies":[{"name":"wp","href":"https:\/\/api.w.org\/{rel}","templated":true}]}}