{"id":51374,"date":"2019-05-04T11:04:19","date_gmt":"2019-05-04T14:04:19","guid":{"rendered":"https:\/\/eldiariodesanpedro.com.ar\/sitio\/?p=51374"},"modified":"2019-05-04T11:04:29","modified_gmt":"2019-05-04T14:04:29","slug":"campana-agredio-a-un-foto-reportero-y-fue-detenido-cuando-robaba-en-un-galpon","status":"publish","type":"post","link":"https:\/\/eldiariodesanpedro.com.ar\/sitio\/campana-agredio-a-un-foto-reportero-y-fue-detenido-cuando-robaba-en-un-galpon\/","title":{"rendered":"CAMPANA: Agredi\u00f3 a un foto reportero, y fue detenido cuando robaba en un galp\u00f3n"},"content":{"rendered":"<!-- VideographyWP Plugin Message: Automatic video embedding prevented by plugin options. -->\n\n<p>Ocurri\u00f3 en el barrio Villanueva. El sujeto golpe\u00f3 con un ladrillazo al trabajador de prensa cuando \u00e9ste circulaba en una moto. El malviviente se dio a la fuga, pero reconocido por varios vecinos, fue interceptado in fraganti cuando sustra\u00eda varios objetos de un galp\u00f3n.<\/p>\n\n\n\n<p>\n\nCerca de la 1:30 de la madrugada, nuestro colega y foto periodista Daniel Trilla circulaba en su motocicleta por la zona de Chacabuco y Rivadavia, en barrio Villanueva. All\u00ed, un joven le arroj\u00f3 un ladrillazo, el cual impact\u00f3 en el hombro del motociclista.<\/p>\n\n\n\n<p>Pese al golpe, el periodista sali\u00f3 en busca de su agresor, el cual habr\u00eda sido reconocido por vecinos, debido a que tiene un largo historial de denuncias por hechos diversos.&nbsp;<\/p>\n\n\n\n<p>Al intervenir la Polic\u00eda, luego de un llamado al 911, los efectivos se dirigieron al domicilio del sospechoso, en la calle Ricardo Rojas del mismo barrio. Sin \u00e9xito, el m\u00f3vil se retir\u00f3 del lugar, pero una hora m\u00e1s tarde, vecinos de Gavazzi y Rawson solicitaron su intervenci\u00f3n ante un robo en progreso en un galp\u00f3n, all\u00ed situado.<\/p>\n\n\n\n<p>Finalmente, la Polic\u00eda logr\u00f3 detener a quien sustra\u00eda pertenencias del lugar. El sujeto, identificado como Josu\u00e9 Huergo, de 19 a\u00f1os, habr\u00eda sido identificado como el mismo que agredi\u00f3 al periodista cuando circulaba en moto, poco antes de su aprehensi\u00f3n.\n\n<\/p>\n\n\n\n<p>Fuente: Campana Noticias<\/p>\n","protected":false},"excerpt":{"rendered":"<p>Ocurri\u00f3 en el barrio Villanueva. El sujeto golpe\u00f3 con un ladrillazo al trabajador de prensa cuando \u00e9ste circulaba en una moto. El malviviente se dio a la fuga, pero reconocido por varios vecinos, fue interceptado in fraganti cuando sustra\u00eda varios objetos de un galp\u00f3n. Cerca de la 1:30 de la madrugada, nuestro colega y foto [&hellip;]<\/p>\n","protected":false},"author":4,"featured_media":51375,"comment_status":"open","ping_status":"closed","sticky":false,"template":"","format":"standard","meta":{"om_disable_all_campaigns":false,"_jetpack_memberships_contains_paid_content":false,"footnotes":""},"categories":[621],"tags":[],"class_list":["post-51374","post","type-post","status-publish","format-standard","has-post-thumbnail","hentry","category-regionales"],"aioseo_notices":[],"gutentor_comment":0,"jetpack_featured_media_url":"https:\/\/eldiariodesanpedro.com.ar\/sitio\/wp-content\/uploads\/2019\/05\/20190503083039.jpg","jetpack_shortlink":"https:\/\/wp.me\/p6RhLt-dmC","jetpack_sharing_enabled":true,"_links":{"self":[{"href":"https:\/\/eldiariodesanpedro.com.ar\/sitio\/wp-json\/wp\/v2\/posts\/51374","targetHints":{"allow":["GET"]}}],"collection":[{"href":"https:\/\/eldiariodesanpedro.com.ar\/sitio\/wp-json\/wp\/v2\/posts"}],"about":[{"href":"https:\/\/eldiariodesanpedro.com.ar\/sitio\/wp-json\/wp\/v2\/types\/post"}],"author":[{"embeddable":true,"href":"https:\/\/eldiariodesanpedro.com.ar\/sitio\/wp-json\/wp\/v2\/users\/4"}],"replies":[{"embeddable":true,"href":"https:\/\/eldiariodesanpedro.com.ar\/sitio\/wp-json\/wp\/v2\/comments?post=51374"}],"version-history":[{"count":1,"href":"https:\/\/eldiariodesanpedro.com.ar\/sitio\/wp-json\/wp\/v2\/posts\/51374\/revisions"}],"predecessor-version":[{"id":51376,"href":"https:\/\/eldiariodesanpedro.com.ar\/sitio\/wp-json\/wp\/v2\/posts\/51374\/revisions\/51376"}],"wp:featuredmedia":[{"embeddable":true,"href":"https:\/\/eldiariodesanpedro.com.ar\/sitio\/wp-json\/wp\/v2\/media\/51375"}],"wp:attachment":[{"href":"https:\/\/eldiariodesanpedro.com.ar\/sitio\/wp-json\/wp\/v2\/media?parent=51374"}],"wp:term":[{"taxonomy":"category","embeddable":true,"href":"https:\/\/eldiariodesanpedro.com.ar\/sitio\/wp-json\/wp\/v2\/categories?post=51374"},{"taxonomy":"post_tag","embeddable":true,"href":"https:\/\/eldiariodesanpedro.com.ar\/sitio\/wp-json\/wp\/v2\/tags?post=51374"}],"curies":[{"name":"wp","href":"https:\/\/api.w.org\/{rel}","templated":true}]}}