{"id":51370,"date":"2019-05-04T10:36:10","date_gmt":"2019-05-04T13:36:10","guid":{"rendered":"https:\/\/eldiariodesanpedro.com.ar\/sitio\/?p=51370"},"modified":"2019-05-04T10:36:16","modified_gmt":"2019-05-04T13:36:16","slug":"la-golpeo-y-la-amenazo-de-muerte-con-un-arma-blanca","status":"publish","type":"post","link":"https:\/\/eldiariodesanpedro.com.ar\/sitio\/la-golpeo-y-la-amenazo-de-muerte-con-un-arma-blanca\/","title":{"rendered":"La golpeo y la amenazo de muerte con un arma blanca"},"content":{"rendered":"<!-- VideographyWP Plugin Message: Automatic video embedding prevented by plugin options. -->\n\n<p>As\u00ed fue como un sujeto se dirigi\u00f3 hacia la vivienda de su pareja ocasion\u00e1ndole da\u00f1os en su morada hasta agredirla f\u00edsicamente y amenazarla de muerte.<\/p>\n\n\n\n<p>Un nuevo hecho de violencia de genero se vivi\u00f3 en la madrugada de este sabado en nuestra ciudad.<\/p>\n\n\n\n<p>Esta vez la victima es una mujer mayor de edad, domiciliada en calle Belgrano al 2000.<\/p>\n\n\n\n<p>El agresor, en este caso su pareja, se dirigi\u00f3 hasta su vivienda y tras una discusi\u00f3n comenz\u00f3 a ocasionarle da\u00f1os a electrodom\u00e9sticos, para luego agredirla f\u00edsicamente, propin\u00e1ndole golpes con un elemento contundente por el cuerpo y ademas, amenazarla de muerte con una cuchilla.<\/p>\n\n\n\n<p>Tras el rapido accionar policial, logran aprehender al sujeto y trasladarlo a la dependencia local.<\/p>\n\n\n\n<p>La victima fue asistida en la comisaria de la mujer. <\/p>\n\n\n\n<p>Toma intervenci\u00f3n la Fiscalia N\u00ba5.<br><\/p>\n","protected":false},"excerpt":{"rendered":"<p>As\u00ed fue como un sujeto se dirigi\u00f3 hacia la vivienda de su pareja ocasion\u00e1ndole da\u00f1os en su morada hasta agredirla f\u00edsicamente y amenazarla de muerte. Un nuevo hecho de violencia de genero se vivi\u00f3 en la madrugada de este sabado en nuestra ciudad. Esta vez la victima es una mujer mayor de edad, domiciliada en [&hellip;]<\/p>\n","protected":false},"author":4,"featured_media":47762,"comment_status":"open","ping_status":"closed","sticky":false,"template":"","format":"standard","meta":{"om_disable_all_campaigns":false,"_jetpack_memberships_contains_paid_content":false,"footnotes":""},"categories":[50,2,103],"tags":[],"class_list":["post-51370","post","type-post","status-publish","format-standard","has-post-thumbnail","hentry","category-destacadas","category-locales","category-policiales-locales"],"aioseo_notices":[],"gutentor_comment":0,"jetpack_featured_media_url":"https:\/\/eldiariodesanpedro.com.ar\/sitio\/wp-content\/uploads\/2019\/02\/violencia-1.jpg","jetpack_shortlink":"https:\/\/wp.me\/p6RhLt-dmy","jetpack_sharing_enabled":true,"_links":{"self":[{"href":"https:\/\/eldiariodesanpedro.com.ar\/sitio\/wp-json\/wp\/v2\/posts\/51370","targetHints":{"allow":["GET"]}}],"collection":[{"href":"https:\/\/eldiariodesanpedro.com.ar\/sitio\/wp-json\/wp\/v2\/posts"}],"about":[{"href":"https:\/\/eldiariodesanpedro.com.ar\/sitio\/wp-json\/wp\/v2\/types\/post"}],"author":[{"embeddable":true,"href":"https:\/\/eldiariodesanpedro.com.ar\/sitio\/wp-json\/wp\/v2\/users\/4"}],"replies":[{"embeddable":true,"href":"https:\/\/eldiariodesanpedro.com.ar\/sitio\/wp-json\/wp\/v2\/comments?post=51370"}],"version-history":[{"count":1,"href":"https:\/\/eldiariodesanpedro.com.ar\/sitio\/wp-json\/wp\/v2\/posts\/51370\/revisions"}],"predecessor-version":[{"id":51371,"href":"https:\/\/eldiariodesanpedro.com.ar\/sitio\/wp-json\/wp\/v2\/posts\/51370\/revisions\/51371"}],"wp:featuredmedia":[{"embeddable":true,"href":"https:\/\/eldiariodesanpedro.com.ar\/sitio\/wp-json\/wp\/v2\/media\/47762"}],"wp:attachment":[{"href":"https:\/\/eldiariodesanpedro.com.ar\/sitio\/wp-json\/wp\/v2\/media?parent=51370"}],"wp:term":[{"taxonomy":"category","embeddable":true,"href":"https:\/\/eldiariodesanpedro.com.ar\/sitio\/wp-json\/wp\/v2\/categories?post=51370"},{"taxonomy":"post_tag","embeddable":true,"href":"https:\/\/eldiariodesanpedro.com.ar\/sitio\/wp-json\/wp\/v2\/tags?post=51370"}],"curies":[{"name":"wp","href":"https:\/\/api.w.org\/{rel}","templated":true}]}}