{"id":51367,"date":"2019-05-04T10:14:40","date_gmt":"2019-05-04T13:14:40","guid":{"rendered":"https:\/\/eldiariodesanpedro.com.ar\/sitio\/?p=51367"},"modified":"2019-05-04T10:14:57","modified_gmt":"2019-05-04T13:14:57","slug":"otra-vez-la-garita-municipal-de-la-peatonal-sufrio-hechos-de-vandalismo","status":"publish","type":"post","link":"https:\/\/eldiariodesanpedro.com.ar\/sitio\/otra-vez-la-garita-municipal-de-la-peatonal-sufrio-hechos-de-vandalismo\/","title":{"rendered":"Otra vez la garita municipal de la peatonal sufri\u00f3 hechos de vandalismo"},"content":{"rendered":"<!-- VideographyWP Plugin Message: Automatic video embedding prevented by plugin options. -->\n\n<p> El hecho sucedi\u00f3 esta madrugada, un adolescente de 17 a\u00f1os de edad provoco da\u00f1os rompiendo el vidrio del lugar. Tras el r\u00e1pido accionar del personal policial fue aprehendido.<\/p>\n\n\n\n<p>Hace unos d\u00edas, se conoci\u00f3 la noticia de un hecho de robo y da\u00f1os que se hab\u00edan producido en la garita municipal de la peatonal, que ahora funciona para el personal de cobranza del estacionamiento medido.<\/p>\n\n\n\n<p>Los empleados ese d\u00eda decidieron no trabajar a modo de reclamo para mas seguridad.<\/p>\n\n\n\n<p>Esta madrugada nuevamente un joven cometi\u00f3 otro echo de vandalismo rompiendo uno de los cristales del lugar.<\/p>\n\n\n\n<p>Los efectivos al ser alertados procedieron a la aprehensi\u00f3n del menor en intersecci\u00f3n de las calles Mitre y 25 de Mayo.<\/p>\n\n\n\n<p>Toma intervenci\u00f3n la fiscalia del Joven de San Nicolas, disponiendo notificaci\u00f3n de la causa y posterior libertad.<br><\/p>\n","protected":false},"excerpt":{"rendered":"<p>El hecho sucedi\u00f3 esta madrugada, un adolescente de 17 a\u00f1os de edad provoco da\u00f1os rompiendo el vidrio del lugar. Tras el r\u00e1pido accionar del personal policial fue aprehendido. Hace unos d\u00edas, se conoci\u00f3 la noticia de un hecho de robo y da\u00f1os que se hab\u00edan producido en la garita municipal de la peatonal, que ahora [&hellip;]<\/p>\n","protected":false},"author":4,"featured_media":51368,"comment_status":"open","ping_status":"closed","sticky":false,"template":"","format":"standard","meta":{"om_disable_all_campaigns":false,"_jetpack_memberships_contains_paid_content":false,"footnotes":""},"categories":[2,103],"tags":[],"class_list":["post-51367","post","type-post","status-publish","format-standard","has-post-thumbnail","hentry","category-locales","category-policiales-locales"],"aioseo_notices":[],"gutentor_comment":0,"jetpack_featured_media_url":"https:\/\/eldiariodesanpedro.com.ar\/sitio\/wp-content\/uploads\/2019\/05\/1496670396_502261_1496671544_noticia_normal.jpg","jetpack_shortlink":"https:\/\/wp.me\/p6RhLt-dmv","jetpack_sharing_enabled":true,"_links":{"self":[{"href":"https:\/\/eldiariodesanpedro.com.ar\/sitio\/wp-json\/wp\/v2\/posts\/51367","targetHints":{"allow":["GET"]}}],"collection":[{"href":"https:\/\/eldiariodesanpedro.com.ar\/sitio\/wp-json\/wp\/v2\/posts"}],"about":[{"href":"https:\/\/eldiariodesanpedro.com.ar\/sitio\/wp-json\/wp\/v2\/types\/post"}],"author":[{"embeddable":true,"href":"https:\/\/eldiariodesanpedro.com.ar\/sitio\/wp-json\/wp\/v2\/users\/4"}],"replies":[{"embeddable":true,"href":"https:\/\/eldiariodesanpedro.com.ar\/sitio\/wp-json\/wp\/v2\/comments?post=51367"}],"version-history":[{"count":1,"href":"https:\/\/eldiariodesanpedro.com.ar\/sitio\/wp-json\/wp\/v2\/posts\/51367\/revisions"}],"predecessor-version":[{"id":51369,"href":"https:\/\/eldiariodesanpedro.com.ar\/sitio\/wp-json\/wp\/v2\/posts\/51367\/revisions\/51369"}],"wp:featuredmedia":[{"embeddable":true,"href":"https:\/\/eldiariodesanpedro.com.ar\/sitio\/wp-json\/wp\/v2\/media\/51368"}],"wp:attachment":[{"href":"https:\/\/eldiariodesanpedro.com.ar\/sitio\/wp-json\/wp\/v2\/media?parent=51367"}],"wp:term":[{"taxonomy":"category","embeddable":true,"href":"https:\/\/eldiariodesanpedro.com.ar\/sitio\/wp-json\/wp\/v2\/categories?post=51367"},{"taxonomy":"post_tag","embeddable":true,"href":"https:\/\/eldiariodesanpedro.com.ar\/sitio\/wp-json\/wp\/v2\/tags?post=51367"}],"curies":[{"name":"wp","href":"https:\/\/api.w.org\/{rel}","templated":true}]}}