{"id":51359,"date":"2019-05-04T09:56:51","date_gmt":"2019-05-04T12:56:51","guid":{"rendered":"https:\/\/eldiariodesanpedro.com.ar\/sitio\/?p=51359"},"modified":"2019-05-04T09:58:14","modified_gmt":"2019-05-04T12:58:14","slug":"baradero-curso-de-portugues-en-forma-gratuita-en-el-instituto-adventista","status":"publish","type":"post","link":"https:\/\/eldiariodesanpedro.com.ar\/sitio\/baradero-curso-de-portugues-en-forma-gratuita-en-el-instituto-adventista\/","title":{"rendered":"BARADERO: Curso de Portugu\u00e9s en forma gratuita en el Instituto Adventista"},"content":{"rendered":"<!-- VideographyWP Plugin Message: Automatic video embedding prevented by plugin options. -->\n\n<p>El Pastor Jhonatan Licnersky, Capell\u00e1n del Instituto Adventista Baradero, que cuenta con los tres niveles educativos, Jard\u00edn, Primario y Secundario, invito a la poblaci\u00f3n que desee participar de un curso gratuito de Portugu\u00e9s que se realizar\u00e1 en la escuela todos los martes a las 10 horas.<\/p>\n\n\n\n<p> Se pueden inscribir llamando al 3329 489305, que es el tel\u00e9fono del Instituto, ya que el cupo de inscritos es limitado.<\/p>\n\n\n\n<figure class=\"wp-block-image\"><img decoding=\"async\" width=\"640\" height=\"213\" data-attachment-id=\"51360\" data-permalink=\"https:\/\/eldiariodesanpedro.com.ar\/sitio\/baradero-curso-de-portugues-en-forma-gratuita-en-el-instituto-adventista\/esc-640x480\/\" data-orig-file=\"https:\/\/eldiariodesanpedro.com.ar\/sitio\/wp-content\/uploads\/2019\/05\/esc-640x480.png\" data-orig-size=\"640,213\" data-comments-opened=\"1\" data-image-meta=\"{&quot;aperture&quot;:&quot;0&quot;,&quot;credit&quot;:&quot;&quot;,&quot;camera&quot;:&quot;&quot;,&quot;caption&quot;:&quot;&quot;,&quot;created_timestamp&quot;:&quot;0&quot;,&quot;copyright&quot;:&quot;&quot;,&quot;focal_length&quot;:&quot;0&quot;,&quot;iso&quot;:&quot;0&quot;,&quot;shutter_speed&quot;:&quot;0&quot;,&quot;title&quot;:&quot;&quot;,&quot;orientation&quot;:&quot;0&quot;}\" data-image-title=\"esc-640&amp;#215;480\" data-image-description=\"\" data-image-caption=\"\" data-large-file=\"https:\/\/eldiariodesanpedro.com.ar\/sitio\/wp-content\/uploads\/2019\/05\/esc-640x480.png\" data-src=\"https:\/\/eldiariodesanpedro.com.ar\/sitio\/wp-content\/uploads\/2019\/05\/esc-640x480.png\" alt=\"\" class=\"wp-image-51360 lazyload\" data-srcset=\"https:\/\/eldiariodesanpedro.com.ar\/sitio\/wp-content\/uploads\/2019\/05\/esc-640x480.png 640w, https:\/\/eldiariodesanpedro.com.ar\/sitio\/wp-content\/uploads\/2019\/05\/esc-640x480-300x100.png 300w\" data-sizes=\"(max-width: 640px) 100vw, 640px\" src=\"data:image\/svg+xml;base64,PHN2ZyB3aWR0aD0iMSIgaGVpZ2h0PSIxIiB4bWxucz0iaHR0cDovL3d3dy53My5vcmcvMjAwMC9zdmciPjwvc3ZnPg==\" style=\"--smush-placeholder-width: 640px; --smush-placeholder-aspect-ratio: 640\/213;\" \/><\/figure>\n\n\n\n<p>FUENTE: BARADERO HOY<\/p>\n","protected":false},"excerpt":{"rendered":"<p>El Pastor Jhonatan Licnersky, Capell\u00e1n del Instituto Adventista Baradero, que cuenta con los tres niveles educativos, Jard\u00edn, Primario y Secundario, invito a la poblaci\u00f3n que desee participar de un curso gratuito de Portugu\u00e9s que se realizar\u00e1 en la escuela todos los martes a las 10 horas. Se pueden inscribir llamando al 3329 489305, que es [&hellip;]<\/p>\n","protected":false},"author":4,"featured_media":51361,"comment_status":"open","ping_status":"closed","sticky":false,"template":"","format":"standard","meta":{"om_disable_all_campaigns":false,"_jetpack_memberships_contains_paid_content":false,"footnotes":""},"categories":[621],"tags":[],"class_list":["post-51359","post","type-post","status-publish","format-standard","has-post-thumbnail","hentry","category-regionales"],"aioseo_notices":[],"gutentor_comment":0,"jetpack_featured_media_url":"https:\/\/eldiariodesanpedro.com.ar\/sitio\/wp-content\/uploads\/2019\/05\/aprenda-portuguc3aas.jpg","jetpack_shortlink":"https:\/\/wp.me\/p6RhLt-dmn","jetpack_sharing_enabled":true,"_links":{"self":[{"href":"https:\/\/eldiariodesanpedro.com.ar\/sitio\/wp-json\/wp\/v2\/posts\/51359","targetHints":{"allow":["GET"]}}],"collection":[{"href":"https:\/\/eldiariodesanpedro.com.ar\/sitio\/wp-json\/wp\/v2\/posts"}],"about":[{"href":"https:\/\/eldiariodesanpedro.com.ar\/sitio\/wp-json\/wp\/v2\/types\/post"}],"author":[{"embeddable":true,"href":"https:\/\/eldiariodesanpedro.com.ar\/sitio\/wp-json\/wp\/v2\/users\/4"}],"replies":[{"embeddable":true,"href":"https:\/\/eldiariodesanpedro.com.ar\/sitio\/wp-json\/wp\/v2\/comments?post=51359"}],"version-history":[{"count":2,"href":"https:\/\/eldiariodesanpedro.com.ar\/sitio\/wp-json\/wp\/v2\/posts\/51359\/revisions"}],"predecessor-version":[{"id":51363,"href":"https:\/\/eldiariodesanpedro.com.ar\/sitio\/wp-json\/wp\/v2\/posts\/51359\/revisions\/51363"}],"wp:featuredmedia":[{"embeddable":true,"href":"https:\/\/eldiariodesanpedro.com.ar\/sitio\/wp-json\/wp\/v2\/media\/51361"}],"wp:attachment":[{"href":"https:\/\/eldiariodesanpedro.com.ar\/sitio\/wp-json\/wp\/v2\/media?parent=51359"}],"wp:term":[{"taxonomy":"category","embeddable":true,"href":"https:\/\/eldiariodesanpedro.com.ar\/sitio\/wp-json\/wp\/v2\/categories?post=51359"},{"taxonomy":"post_tag","embeddable":true,"href":"https:\/\/eldiariodesanpedro.com.ar\/sitio\/wp-json\/wp\/v2\/tags?post=51359"}],"curies":[{"name":"wp","href":"https:\/\/api.w.org\/{rel}","templated":true}]}}