{"id":51357,"date":"2019-05-04T09:47:26","date_gmt":"2019-05-04T12:47:26","guid":{"rendered":"https:\/\/eldiariodesanpedro.com.ar\/sitio\/?p=51357"},"modified":"2019-05-04T09:47:32","modified_gmt":"2019-05-04T12:47:32","slug":"robaron-una-motocicleta-del-interior-de-un-estacionamiento","status":"publish","type":"post","link":"https:\/\/eldiariodesanpedro.com.ar\/sitio\/robaron-una-motocicleta-del-interior-de-un-estacionamiento\/","title":{"rendered":"Robaron una motocicleta del interior de un estacionamiento"},"content":{"rendered":"<!-- VideographyWP Plugin Message: Automatic video embedding prevented by plugin options. -->\n\n<p>El hecho sucedi\u00f3 esta madrugada, el rodado sustra\u00eddo se trata de una Mondial 150 cc.<\/p>\n\n\n\n<p>Alrededor de las 4 de la ma\u00f1ana, un hombre mayor de edad, ingresa a un lugar sito en calle Obligado entre Pellegrini y Salta, siendo este un galp\u00f3n de estacionamiento, cuando constata que delincuentes ignorados hab\u00edan sustra\u00eddo su motocicleta 150 cc, color roja y negra.<\/p>\n\n\n\n<p>Interviene la Fiscalia N\u00ba5.<\/p>\n\n\n\n<p><br><\/p>\n","protected":false},"excerpt":{"rendered":"<p>El hecho sucedi\u00f3 esta madrugada, el rodado sustra\u00eddo se trata de una Mondial 150 cc. Alrededor de las 4 de la ma\u00f1ana, un hombre mayor de edad, ingresa a un lugar sito en calle Obligado entre Pellegrini y Salta, siendo este un galp\u00f3n de estacionamiento, cuando constata que delincuentes ignorados hab\u00edan sustra\u00eddo su motocicleta 150 [&hellip;]<\/p>\n","protected":false},"author":4,"featured_media":45949,"comment_status":"open","ping_status":"closed","sticky":false,"template":"","format":"standard","meta":{"om_disable_all_campaigns":false,"_jetpack_memberships_contains_paid_content":false,"footnotes":""},"categories":[2,103],"tags":[],"class_list":["post-51357","post","type-post","status-publish","format-standard","has-post-thumbnail","hentry","category-locales","category-policiales-locales"],"aioseo_notices":[],"gutentor_comment":0,"jetpack_featured_media_url":"https:\/\/eldiariodesanpedro.com.ar\/sitio\/wp-content\/uploads\/2019\/01\/nuevos-patrulleros-policia-02_6.jpg","jetpack_shortlink":"https:\/\/wp.me\/p6RhLt-dml","jetpack_sharing_enabled":true,"_links":{"self":[{"href":"https:\/\/eldiariodesanpedro.com.ar\/sitio\/wp-json\/wp\/v2\/posts\/51357","targetHints":{"allow":["GET"]}}],"collection":[{"href":"https:\/\/eldiariodesanpedro.com.ar\/sitio\/wp-json\/wp\/v2\/posts"}],"about":[{"href":"https:\/\/eldiariodesanpedro.com.ar\/sitio\/wp-json\/wp\/v2\/types\/post"}],"author":[{"embeddable":true,"href":"https:\/\/eldiariodesanpedro.com.ar\/sitio\/wp-json\/wp\/v2\/users\/4"}],"replies":[{"embeddable":true,"href":"https:\/\/eldiariodesanpedro.com.ar\/sitio\/wp-json\/wp\/v2\/comments?post=51357"}],"version-history":[{"count":1,"href":"https:\/\/eldiariodesanpedro.com.ar\/sitio\/wp-json\/wp\/v2\/posts\/51357\/revisions"}],"predecessor-version":[{"id":51358,"href":"https:\/\/eldiariodesanpedro.com.ar\/sitio\/wp-json\/wp\/v2\/posts\/51357\/revisions\/51358"}],"wp:featuredmedia":[{"embeddable":true,"href":"https:\/\/eldiariodesanpedro.com.ar\/sitio\/wp-json\/wp\/v2\/media\/45949"}],"wp:attachment":[{"href":"https:\/\/eldiariodesanpedro.com.ar\/sitio\/wp-json\/wp\/v2\/media?parent=51357"}],"wp:term":[{"taxonomy":"category","embeddable":true,"href":"https:\/\/eldiariodesanpedro.com.ar\/sitio\/wp-json\/wp\/v2\/categories?post=51357"},{"taxonomy":"post_tag","embeddable":true,"href":"https:\/\/eldiariodesanpedro.com.ar\/sitio\/wp-json\/wp\/v2\/tags?post=51357"}],"curies":[{"name":"wp","href":"https:\/\/api.w.org\/{rel}","templated":true}]}}