{"id":51342,"date":"2019-05-03T17:47:40","date_gmt":"2019-05-03T20:47:40","guid":{"rendered":"https:\/\/eldiariodesanpedro.com.ar\/sitio\/?p=51342"},"modified":"2019-05-03T17:47:50","modified_gmt":"2019-05-03T20:47:50","slug":"baradero-antonijevic-recibio-a-alvarez-de-celis","status":"publish","type":"post","link":"https:\/\/eldiariodesanpedro.com.ar\/sitio\/baradero-antonijevic-recibio-a-alvarez-de-celis\/","title":{"rendered":"BARADERO: Antonijevic recibi\u00f3 a \u00c1lvarez de Celis"},"content":{"rendered":"<!-- VideographyWP Plugin Message: Automatic video embedding prevented by plugin options. -->\n\n<p> La intendente municipal mantuvo un encuentro este martes con el Secretario de Planificaci\u00f3n Territorial y Coordinaci\u00f3n de Obra P\u00fablica de la Naci\u00f3n. La conferencia de prensa se desarroll\u00f3 en el Centro Universitario de Baradero. Fue posterior a una agenda de trabajo.<\/p>\n\n\n\n<p>El titular de la Secretaria de Planicaci\u00f3n, entreg\u00f3 equipamiento inform\u00e1tico para varios municipios. Es en el marco del fortalecimiento de la Planicaci\u00f3n. Adem\u00e1s, recorrieron obras y comenzaron las gestiones para planicar obras para la ciudad.<\/p>\n\n\n\n<p>En la conferencia de prensa la intendente Antonijevic anunci\u00f3 las gestiones para el entubamiento de calle Ant\u00e1rtida Argentina.<\/p>\n\n\n\n<p>Fuente: Tu L\u00ednea Directa<\/p>\n","protected":false},"excerpt":{"rendered":"<p>La intendente municipal mantuvo un encuentro este martes con el Secretario de Planificaci\u00f3n Territorial y Coordinaci\u00f3n de Obra P\u00fablica de la Naci\u00f3n. La conferencia de prensa se desarroll\u00f3 en el Centro Universitario de Baradero. Fue posterior a una agenda de trabajo. El titular de la Secretaria de Planicaci\u00f3n, entreg\u00f3 equipamiento inform\u00e1tico para varios municipios. Es [&hellip;]<\/p>\n","protected":false},"author":4,"featured_media":51343,"comment_status":"open","ping_status":"closed","sticky":false,"template":"","format":"standard","meta":{"om_disable_all_campaigns":false,"_jetpack_memberships_contains_paid_content":false,"footnotes":""},"categories":[621],"tags":[],"class_list":["post-51342","post","type-post","status-publish","format-standard","has-post-thumbnail","hentry","category-regionales"],"aioseo_notices":[],"gutentor_comment":0,"jetpack_featured_media_url":"https:\/\/eldiariodesanpedro.com.ar\/sitio\/wp-content\/uploads\/2019\/05\/captura_de_pantalla_de_2019-05-02_12-41-48.jpg","jetpack_shortlink":"https:\/\/wp.me\/p6RhLt-dm6","jetpack_sharing_enabled":true,"_links":{"self":[{"href":"https:\/\/eldiariodesanpedro.com.ar\/sitio\/wp-json\/wp\/v2\/posts\/51342","targetHints":{"allow":["GET"]}}],"collection":[{"href":"https:\/\/eldiariodesanpedro.com.ar\/sitio\/wp-json\/wp\/v2\/posts"}],"about":[{"href":"https:\/\/eldiariodesanpedro.com.ar\/sitio\/wp-json\/wp\/v2\/types\/post"}],"author":[{"embeddable":true,"href":"https:\/\/eldiariodesanpedro.com.ar\/sitio\/wp-json\/wp\/v2\/users\/4"}],"replies":[{"embeddable":true,"href":"https:\/\/eldiariodesanpedro.com.ar\/sitio\/wp-json\/wp\/v2\/comments?post=51342"}],"version-history":[{"count":1,"href":"https:\/\/eldiariodesanpedro.com.ar\/sitio\/wp-json\/wp\/v2\/posts\/51342\/revisions"}],"predecessor-version":[{"id":51344,"href":"https:\/\/eldiariodesanpedro.com.ar\/sitio\/wp-json\/wp\/v2\/posts\/51342\/revisions\/51344"}],"wp:featuredmedia":[{"embeddable":true,"href":"https:\/\/eldiariodesanpedro.com.ar\/sitio\/wp-json\/wp\/v2\/media\/51343"}],"wp:attachment":[{"href":"https:\/\/eldiariodesanpedro.com.ar\/sitio\/wp-json\/wp\/v2\/media?parent=51342"}],"wp:term":[{"taxonomy":"category","embeddable":true,"href":"https:\/\/eldiariodesanpedro.com.ar\/sitio\/wp-json\/wp\/v2\/categories?post=51342"},{"taxonomy":"post_tag","embeddable":true,"href":"https:\/\/eldiariodesanpedro.com.ar\/sitio\/wp-json\/wp\/v2\/tags?post=51342"}],"curies":[{"name":"wp","href":"https:\/\/api.w.org\/{rel}","templated":true}]}}