{"id":51339,"date":"2019-05-03T17:45:17","date_gmt":"2019-05-03T20:45:17","guid":{"rendered":"https:\/\/eldiariodesanpedro.com.ar\/sitio\/?p=51339"},"modified":"2019-05-03T17:45:26","modified_gmt":"2019-05-03T20:45:26","slug":"campana-comenzaron-los-cursos-gratuitos-de-modernizacion-para-jovenes","status":"publish","type":"post","link":"https:\/\/eldiariodesanpedro.com.ar\/sitio\/campana-comenzaron-los-cursos-gratuitos-de-modernizacion-para-jovenes\/","title":{"rendered":"CAMPANA: Comenzaron los cursos gratuitos de modernizaci\u00f3n para j\u00f3venes"},"content":{"rendered":"<!-- VideographyWP Plugin Message: Automatic video embedding prevented by plugin options. -->\n\n<p>\n\nLos alumnos disfrutan de la amplia oferta de talleres que incluyen fotograf\u00eda, animaci\u00f3n, rob\u00f3tica, programaci\u00f3n, ilustraci\u00f3n digital, ajedrez y DJ. Para ilustraci\u00f3n digital y animaci\u00f3n, quedan los \u00faltimos lugares disponibles.<\/p>\n\n\n\n<p>Pr\u00e1cticamente con todos los cupos llenos, comenz\u00f3 una nueva edici\u00f3n de los cursos gratuitos impulsados por la Secretar\u00eda de Modernizaci\u00f3n del Municipio y destinados a los j\u00f3venes de la ciudad.<br><br>En el Espacio Campana Joven (San Mart\u00edn y Liniers), los alumnos disfrutan de la amplia oferta de talleres que incluyen fotograf\u00eda, animaci\u00f3n, rob\u00f3tica, programaci\u00f3n, ilustraci\u00f3n digital, ajedrez y DJ.<br><br>Los cursos, que se dictan en distintos d\u00edas y horarios, tienen el principal objetivo de formar y vincular a los j\u00f3venes con las nuevas herramientas tecnol\u00f3gicas a fin de fomentar el inter\u00e9s y la vocaci\u00f3n por ellas.\u00a0<br><br>As\u00ed, el Municipio sigue impulsando cursos de formaci\u00f3n gratuitos para los j\u00f3venes en pos de ofrecer nuevas oportunidades y despertar vocaciones.<\/p>\n\n\n\n<p>Fuente: Campana Noticias<\/p>\n","protected":false},"excerpt":{"rendered":"<p>Los alumnos disfrutan de la amplia oferta de talleres que incluyen fotograf\u00eda, animaci\u00f3n, rob\u00f3tica, programaci\u00f3n, ilustraci\u00f3n digital, ajedrez y DJ. Para ilustraci\u00f3n digital y animaci\u00f3n, quedan los \u00faltimos lugares disponibles. Pr\u00e1cticamente con todos los cupos llenos, comenz\u00f3 una nueva edici\u00f3n de los cursos gratuitos impulsados por la Secretar\u00eda de Modernizaci\u00f3n del Municipio y destinados a [&hellip;]<\/p>\n","protected":false},"author":4,"featured_media":51340,"comment_status":"open","ping_status":"closed","sticky":false,"template":"","format":"standard","meta":{"om_disable_all_campaigns":false,"_jetpack_memberships_contains_paid_content":false,"footnotes":""},"categories":[621],"tags":[],"class_list":["post-51339","post","type-post","status-publish","format-standard","has-post-thumbnail","hentry","category-regionales"],"aioseo_notices":[],"gutentor_comment":0,"jetpack_featured_media_url":"https:\/\/eldiariodesanpedro.com.ar\/sitio\/wp-content\/uploads\/2019\/05\/20190501082235.jpg","jetpack_shortlink":"https:\/\/wp.me\/p6RhLt-dm3","jetpack_sharing_enabled":true,"_links":{"self":[{"href":"https:\/\/eldiariodesanpedro.com.ar\/sitio\/wp-json\/wp\/v2\/posts\/51339","targetHints":{"allow":["GET"]}}],"collection":[{"href":"https:\/\/eldiariodesanpedro.com.ar\/sitio\/wp-json\/wp\/v2\/posts"}],"about":[{"href":"https:\/\/eldiariodesanpedro.com.ar\/sitio\/wp-json\/wp\/v2\/types\/post"}],"author":[{"embeddable":true,"href":"https:\/\/eldiariodesanpedro.com.ar\/sitio\/wp-json\/wp\/v2\/users\/4"}],"replies":[{"embeddable":true,"href":"https:\/\/eldiariodesanpedro.com.ar\/sitio\/wp-json\/wp\/v2\/comments?post=51339"}],"version-history":[{"count":1,"href":"https:\/\/eldiariodesanpedro.com.ar\/sitio\/wp-json\/wp\/v2\/posts\/51339\/revisions"}],"predecessor-version":[{"id":51341,"href":"https:\/\/eldiariodesanpedro.com.ar\/sitio\/wp-json\/wp\/v2\/posts\/51339\/revisions\/51341"}],"wp:featuredmedia":[{"embeddable":true,"href":"https:\/\/eldiariodesanpedro.com.ar\/sitio\/wp-json\/wp\/v2\/media\/51340"}],"wp:attachment":[{"href":"https:\/\/eldiariodesanpedro.com.ar\/sitio\/wp-json\/wp\/v2\/media?parent=51339"}],"wp:term":[{"taxonomy":"category","embeddable":true,"href":"https:\/\/eldiariodesanpedro.com.ar\/sitio\/wp-json\/wp\/v2\/categories?post=51339"},{"taxonomy":"post_tag","embeddable":true,"href":"https:\/\/eldiariodesanpedro.com.ar\/sitio\/wp-json\/wp\/v2\/tags?post=51339"}],"curies":[{"name":"wp","href":"https:\/\/api.w.org\/{rel}","templated":true}]}}