{"id":51336,"date":"2019-05-03T17:43:43","date_gmt":"2019-05-03T20:43:43","guid":{"rendered":"https:\/\/eldiariodesanpedro.com.ar\/sitio\/?p=51336"},"modified":"2019-05-03T17:43:53","modified_gmt":"2019-05-03T20:43:53","slug":"baradero-el-estado-de-un-zanjon-que-da-al-rio-lleno-de-basura","status":"publish","type":"post","link":"https:\/\/eldiariodesanpedro.com.ar\/sitio\/baradero-el-estado-de-un-zanjon-que-da-al-rio-lleno-de-basura\/","title":{"rendered":"BARADERO: El estado de un zanj\u00f3n que da al r\u00edo lleno de basura"},"content":{"rendered":"<!-- VideographyWP Plugin Message: Automatic video embedding prevented by plugin options. -->\n\n<p> Un reporte ciudadano dio cuenta del estado del zanj\u00f3n que divide los terrenos de los camping de Luz y Fuerza y La Mutua.<\/p>\n\n\n\n<p>\u201cNo se podr\u00eda poner un tejido aunque sea para que los mugrientos de siempre no hagan este foco de contaminaci\u00f3n vergonzoso para la vista de turistas y triste para nuestro medio ambiente. Lugar saj\u00f3n entre la Mutua y Luz y Fuerza se\u00f1ores hagan algo pronto\u201d.<\/p>\n\n\n\n<p>Fuente Baradero Te Informa.<\/p>\n","protected":false},"excerpt":{"rendered":"<p>Un reporte ciudadano dio cuenta del estado del zanj\u00f3n que divide los terrenos de los camping de Luz y Fuerza y La Mutua. \u201cNo se podr\u00eda poner un tejido aunque sea para que los mugrientos de siempre no hagan este foco de contaminaci\u00f3n vergonzoso para la vista de turistas y triste para nuestro medio ambiente. [&hellip;]<\/p>\n","protected":false},"author":4,"featured_media":51337,"comment_status":"open","ping_status":"closed","sticky":false,"template":"","format":"standard","meta":{"om_disable_all_campaigns":false,"_jetpack_memberships_contains_paid_content":false,"footnotes":""},"categories":[621],"tags":[],"class_list":["post-51336","post","type-post","status-publish","format-standard","has-post-thumbnail","hentry","category-regionales"],"aioseo_notices":[],"gutentor_comment":0,"jetpack_featured_media_url":"https:\/\/eldiariodesanpedro.com.ar\/sitio\/wp-content\/uploads\/2019\/05\/59522492_353912225237980_7025237792288407552_n.jpg","jetpack_shortlink":"https:\/\/wp.me\/p6RhLt-dm0","jetpack_sharing_enabled":true,"_links":{"self":[{"href":"https:\/\/eldiariodesanpedro.com.ar\/sitio\/wp-json\/wp\/v2\/posts\/51336","targetHints":{"allow":["GET"]}}],"collection":[{"href":"https:\/\/eldiariodesanpedro.com.ar\/sitio\/wp-json\/wp\/v2\/posts"}],"about":[{"href":"https:\/\/eldiariodesanpedro.com.ar\/sitio\/wp-json\/wp\/v2\/types\/post"}],"author":[{"embeddable":true,"href":"https:\/\/eldiariodesanpedro.com.ar\/sitio\/wp-json\/wp\/v2\/users\/4"}],"replies":[{"embeddable":true,"href":"https:\/\/eldiariodesanpedro.com.ar\/sitio\/wp-json\/wp\/v2\/comments?post=51336"}],"version-history":[{"count":1,"href":"https:\/\/eldiariodesanpedro.com.ar\/sitio\/wp-json\/wp\/v2\/posts\/51336\/revisions"}],"predecessor-version":[{"id":51338,"href":"https:\/\/eldiariodesanpedro.com.ar\/sitio\/wp-json\/wp\/v2\/posts\/51336\/revisions\/51338"}],"wp:featuredmedia":[{"embeddable":true,"href":"https:\/\/eldiariodesanpedro.com.ar\/sitio\/wp-json\/wp\/v2\/media\/51337"}],"wp:attachment":[{"href":"https:\/\/eldiariodesanpedro.com.ar\/sitio\/wp-json\/wp\/v2\/media?parent=51336"}],"wp:term":[{"taxonomy":"category","embeddable":true,"href":"https:\/\/eldiariodesanpedro.com.ar\/sitio\/wp-json\/wp\/v2\/categories?post=51336"},{"taxonomy":"post_tag","embeddable":true,"href":"https:\/\/eldiariodesanpedro.com.ar\/sitio\/wp-json\/wp\/v2\/tags?post=51336"}],"curies":[{"name":"wp","href":"https:\/\/api.w.org\/{rel}","templated":true}]}}