{"id":51333,"date":"2019-05-03T17:41:44","date_gmt":"2019-05-03T20:41:44","guid":{"rendered":"https:\/\/eldiariodesanpedro.com.ar\/sitio\/?p=51333"},"modified":"2019-05-03T17:41:53","modified_gmt":"2019-05-03T20:41:53","slug":"baradero-nada-de-lo-que-hizo-esta-gestion-me-gusto-dijo-carossi","status":"publish","type":"post","link":"https:\/\/eldiariodesanpedro.com.ar\/sitio\/baradero-nada-de-lo-que-hizo-esta-gestion-me-gusto-dijo-carossi\/","title":{"rendered":"BARADERO: \u00abNada de lo que hizo esta gesti\u00f3n me gusto\u00bb  dijo Carossi"},"content":{"rendered":"<!-- VideographyWP Plugin Message: Automatic video embedding prevented by plugin options. -->\n\n<p>Finalmente Carossi hablo, ocupo algunos minutos en nuestro programa \u201cLa Ma\u00f1ana y Yo\u201d, y no se guardo nada, dijo, hay que respetar los tiempos de la Pol\u00edtica, tan grave el problema econ\u00f3mico del Pa\u00eds, perdimos una elecci\u00f3n y hay que dejar que gobiernen, es tan dificultosa la situaci\u00f3n del Pa\u00eds, el endeudamiento Internacional y Nacional, hay que deponer actitudes personales, ante la pregunta de quien habr\u00eda que votar en Octubre\u00bb, dijo.<\/p>\n\n\n\n<p>\u201d Hay que votar al Peronismo, hay que tratar de elegir lo mejor, y deseo fervientemente que haya unidad, por lo menos&nbsp;de concepci\u00f3n, pelear con listas por fuera del partido&nbsp;te llevar\u00eda&nbsp;&nbsp;a perder, ac\u00e1&nbsp;hasta&nbsp; podr\u00eda&nbsp;a llegar a ganar el MAC, hay tanta gente desencantada, fracaso, tras fracaso, el nivel de oposici\u00f3n&nbsp;al gobierno supera el 70 por ciento\u201d.<\/p>\n\n\n\n<p>\u201cLo que no podemos platear es una lista de Unidad, cuando nos toque ir a las paso el que pierde acompa\u00f1a, pero de verdad,&nbsp; lo que paso en el 2015 lo demuestra, achicar las diferencias hasta Junio, tenemos que plantear una lista de unidad, el que gana conduce,&nbsp; el que pierde acompa\u00f1a, \u00a1porque perdi\u00f3&nbsp;Scioli?, porque, desde el Kirchnerismo le hicimos&nbsp;la vida imposible, hay sectores que dicen, yo te apoyo pero voy primero en la lista&nbsp;de Concejal, como podes acordar as\u00ed.<\/p>\n\n\n\n<p>\u201cSi lo empujamos a&nbsp; PETECO que vaya por&nbsp; &nbsp;afuera, Peteco sale a caminar, es el \u00fanico que sale a caminar los barrios, por lo menos para llevarle un abrazo. Peteco junta 2500 y 3000 votos, no hay nuevos en la Pol\u00edtica, ac\u00e1 la \u00fanica verdad la tiene la gente, y en las urnas,<\/p>\n\n\n\n<p>Cuando le preguntamos sobre la gesti\u00f3n de Antonijevic,&nbsp; dijo :&nbsp;Que este gobierno local NO hizo nada, no muy poco, no hizo nada, critico fuertemente la calle Anchorena que la dejaron abandonada, nosotros hicimos viviendas, o te olvidas las viviendas que se construyeron en mi gesti\u00f3n, lo consultamos&nbsp; sobre la zona de la costa y dijo que la escalera del Cristo fue un robo.<\/p>\n\n\n\n<p>Fuente: Tiempo Noticias.<\/p>\n","protected":false},"excerpt":{"rendered":"<p>Finalmente Carossi hablo, ocupo algunos minutos en nuestro programa \u201cLa Ma\u00f1ana y Yo\u201d, y no se guardo nada, dijo, hay que respetar los tiempos de la Pol\u00edtica, tan grave el problema econ\u00f3mico del Pa\u00eds, perdimos una elecci\u00f3n y hay que dejar que gobiernen, es tan dificultosa la situaci\u00f3n del Pa\u00eds, el endeudamiento Internacional y Nacional, [&hellip;]<\/p>\n","protected":false},"author":4,"featured_media":51334,"comment_status":"open","ping_status":"closed","sticky":false,"template":"","format":"standard","meta":{"om_disable_all_campaigns":false,"_jetpack_memberships_contains_paid_content":false,"footnotes":""},"categories":[621],"tags":[],"class_list":["post-51333","post","type-post","status-publish","format-standard","has-post-thumbnail","hentry","category-regionales"],"aioseo_notices":[],"gutentor_comment":0,"jetpack_featured_media_url":"https:\/\/eldiariodesanpedro.com.ar\/sitio\/wp-content\/uploads\/2019\/05\/46399_3.jpg","jetpack_shortlink":"https:\/\/wp.me\/p6RhLt-dlX","jetpack_sharing_enabled":true,"_links":{"self":[{"href":"https:\/\/eldiariodesanpedro.com.ar\/sitio\/wp-json\/wp\/v2\/posts\/51333","targetHints":{"allow":["GET"]}}],"collection":[{"href":"https:\/\/eldiariodesanpedro.com.ar\/sitio\/wp-json\/wp\/v2\/posts"}],"about":[{"href":"https:\/\/eldiariodesanpedro.com.ar\/sitio\/wp-json\/wp\/v2\/types\/post"}],"author":[{"embeddable":true,"href":"https:\/\/eldiariodesanpedro.com.ar\/sitio\/wp-json\/wp\/v2\/users\/4"}],"replies":[{"embeddable":true,"href":"https:\/\/eldiariodesanpedro.com.ar\/sitio\/wp-json\/wp\/v2\/comments?post=51333"}],"version-history":[{"count":1,"href":"https:\/\/eldiariodesanpedro.com.ar\/sitio\/wp-json\/wp\/v2\/posts\/51333\/revisions"}],"predecessor-version":[{"id":51335,"href":"https:\/\/eldiariodesanpedro.com.ar\/sitio\/wp-json\/wp\/v2\/posts\/51333\/revisions\/51335"}],"wp:featuredmedia":[{"embeddable":true,"href":"https:\/\/eldiariodesanpedro.com.ar\/sitio\/wp-json\/wp\/v2\/media\/51334"}],"wp:attachment":[{"href":"https:\/\/eldiariodesanpedro.com.ar\/sitio\/wp-json\/wp\/v2\/media?parent=51333"}],"wp:term":[{"taxonomy":"category","embeddable":true,"href":"https:\/\/eldiariodesanpedro.com.ar\/sitio\/wp-json\/wp\/v2\/categories?post=51333"},{"taxonomy":"post_tag","embeddable":true,"href":"https:\/\/eldiariodesanpedro.com.ar\/sitio\/wp-json\/wp\/v2\/tags?post=51333"}],"curies":[{"name":"wp","href":"https:\/\/api.w.org\/{rel}","templated":true}]}}