{"id":51318,"date":"2019-05-03T10:13:16","date_gmt":"2019-05-03T13:13:16","guid":{"rendered":"https:\/\/eldiariodesanpedro.com.ar\/sitio\/?p=51318"},"modified":"2019-05-03T10:13:27","modified_gmt":"2019-05-03T13:13:27","slug":"caso-jardin-belen-tulio-obtuvo-su-libertad","status":"publish","type":"post","link":"https:\/\/eldiariodesanpedro.com.ar\/sitio\/caso-jardin-belen-tulio-obtuvo-su-libertad\/","title":{"rendered":"Caso Jard\u00edn Belen: Tulio obtuvo su libertad"},"content":{"rendered":"<!-- VideographyWP Plugin Message: Automatic video embedding prevented by plugin options. -->\n\n<p>\u00abPor falta de m\u00e9ritos\u00bb, seg\u00fan explico su abogado quien lleva la causa por los presuntos abusos a ni\u00f1os del jard\u00edn denunciado por padres. El cura que se encontraba con prisi\u00f3n preventiva en la Unidad Penal N\u00ba3 de San Nicolas, hoy se refugia en una casa del obispado en la misma ciudad.<\/p>\n\n\n\n<p>Tulio fue liberado este jueves por la ma\u00f1ana, luego de pasar 6 meses alojado en la unidad penal de San Nicolas.<\/p>\n\n\n\n<p>La c\u00e1mara de apelaciones dio lugar al pedido de su abogado para que revocara la prisi\u00f3n preventiva y dicto ademas la \u00abfalta de merito\u00bb, que se entiende  cuando el juez no pueda declarar el sobreseimiento pero tampoco tiene muchas pruebas incriminatorias, mientras el sobreseimiento es para siempre, la\u00a0<strong>falta de m\u00e9rito<\/strong>\u00a0es temporal. <\/p>\n\n\n\n<p>Por otra parte, el otro imputado, el ex portero Anselmo Ojeda, sigue detenido.<\/p>\n\n\n\n<p>Hoy el padre Tulio Matiussi se encuentra en una casa que le fue designada por el obispado en San Nicolas.<\/p>\n\n\n\n<p>El Fiscal Hernan Granda deber\u00e1 profundizar su investigaci\u00f3n para seguir con la acusaci\u00f3n. <\/p>\n","protected":false},"excerpt":{"rendered":"<p>\u00abPor falta de m\u00e9ritos\u00bb, seg\u00fan explico su abogado quien lleva la causa por los presuntos abusos a ni\u00f1os del jard\u00edn denunciado por padres. El cura que se encontraba con prisi\u00f3n preventiva en la Unidad Penal N\u00ba3 de San Nicolas, hoy se refugia en una casa del obispado en la misma ciudad. Tulio fue liberado este [&hellip;]<\/p>\n","protected":false},"author":4,"featured_media":51322,"comment_status":"open","ping_status":"closed","sticky":false,"template":"","format":"standard","meta":{"om_disable_all_campaigns":false,"_jetpack_memberships_contains_paid_content":false,"footnotes":""},"categories":[50,101,2],"tags":[],"class_list":["post-51318","post","type-post","status-publish","format-standard","has-post-thumbnail","hentry","category-destacadas","category-interes-general-locales","category-locales"],"aioseo_notices":[],"gutentor_comment":0,"jetpack_featured_media_url":"https:\/\/eldiariodesanpedro.com.ar\/sitio\/wp-content\/uploads\/2019\/05\/WhatsApp-Image-2019-05-03-at-10.11.05-AM.jpeg","jetpack_shortlink":"https:\/\/wp.me\/p6RhLt-dlI","jetpack_sharing_enabled":true,"_links":{"self":[{"href":"https:\/\/eldiariodesanpedro.com.ar\/sitio\/wp-json\/wp\/v2\/posts\/51318","targetHints":{"allow":["GET"]}}],"collection":[{"href":"https:\/\/eldiariodesanpedro.com.ar\/sitio\/wp-json\/wp\/v2\/posts"}],"about":[{"href":"https:\/\/eldiariodesanpedro.com.ar\/sitio\/wp-json\/wp\/v2\/types\/post"}],"author":[{"embeddable":true,"href":"https:\/\/eldiariodesanpedro.com.ar\/sitio\/wp-json\/wp\/v2\/users\/4"}],"replies":[{"embeddable":true,"href":"https:\/\/eldiariodesanpedro.com.ar\/sitio\/wp-json\/wp\/v2\/comments?post=51318"}],"version-history":[{"count":1,"href":"https:\/\/eldiariodesanpedro.com.ar\/sitio\/wp-json\/wp\/v2\/posts\/51318\/revisions"}],"predecessor-version":[{"id":51323,"href":"https:\/\/eldiariodesanpedro.com.ar\/sitio\/wp-json\/wp\/v2\/posts\/51318\/revisions\/51323"}],"wp:featuredmedia":[{"embeddable":true,"href":"https:\/\/eldiariodesanpedro.com.ar\/sitio\/wp-json\/wp\/v2\/media\/51322"}],"wp:attachment":[{"href":"https:\/\/eldiariodesanpedro.com.ar\/sitio\/wp-json\/wp\/v2\/media?parent=51318"}],"wp:term":[{"taxonomy":"category","embeddable":true,"href":"https:\/\/eldiariodesanpedro.com.ar\/sitio\/wp-json\/wp\/v2\/categories?post=51318"},{"taxonomy":"post_tag","embeddable":true,"href":"https:\/\/eldiariodesanpedro.com.ar\/sitio\/wp-json\/wp\/v2\/tags?post=51318"}],"curies":[{"name":"wp","href":"https:\/\/api.w.org\/{rel}","templated":true}]}}