{"id":51226,"date":"2019-05-01T17:46:58","date_gmt":"2019-05-01T20:46:58","guid":{"rendered":"https:\/\/eldiariodesanpedro.com.ar\/sitio\/?p=51226"},"modified":"2019-05-01T17:52:38","modified_gmt":"2019-05-01T20:52:38","slug":"un-aprehendido-responsable-de-incendio-de-un-automovil","status":"publish","type":"post","link":"https:\/\/eldiariodesanpedro.com.ar\/sitio\/un-aprehendido-responsable-de-incendio-de-un-automovil\/","title":{"rendered":"Un aprehendido responsable de incendio de un autom\u00f3vil"},"content":{"rendered":"<!-- VideographyWP Plugin Message: Automatic video embedding prevented by plugin options. -->\n\n<p>Este martes en horas de la tarde el personal policial del Gabinete Criminologico de la Comisaria juntamente con personal de la DDI local, diligencio senda orden de allanamiento extendida por la justicia ordinaria en el marco de hecho de robo que se investigaba. <\/p>\n\n\n\n<p>El operativo se realiz\u00f3 en domicilio particular de calle La Laguna al 2100 ciudad. All\u00ed se secuestr\u00f3 arma de fuego tipo revolver con cartucho. Se detuvo al morador e imputado un sujeto masculino de 24 a\u00f1os de edad, con antecedentes, imputado del nuevo delito de \u00abtenencia ilegal de arma de fuego y municiones\u00bb.<\/p>\n\n\n\n<p>Asimismo el mismo delincuente fue imputado y notificado por un hecho de incendio y da\u00f1o a una propiedad, ocurrido en la madrugada del d\u00eda viernes pasado en calle Davila al 700, donde intencionalmente incendiara autom\u00f3vil estacionado en la v\u00eda p\u00fablica, y del cual estaba reconocido por distintas diligencias realizadas. <\/p>\n\n\n\n<p>Permaneci\u00f3 a disposici\u00f3n del fiscal\u00eda en turno de San Pedro.<\/p>\n\n\n\n<figure class=\"wp-block-image\"><img decoding=\"async\" width=\"768\" height=\"1024\" data-attachment-id=\"51231\" data-permalink=\"https:\/\/eldiariodesanpedro.com.ar\/sitio\/un-aprehendido-responsable-de-incendio-de-un-automovil\/whatsapp-image-2019-05-01-at-13-14-34\/\" data-orig-file=\"https:\/\/eldiariodesanpedro.com.ar\/sitio\/wp-content\/uploads\/2019\/05\/WhatsApp-Image-2019-05-01-at-13.14.34.jpeg\" data-orig-size=\"774,1032\" data-comments-opened=\"1\" data-image-meta=\"{&quot;aperture&quot;:&quot;0&quot;,&quot;credit&quot;:&quot;&quot;,&quot;camera&quot;:&quot;&quot;,&quot;caption&quot;:&quot;&quot;,&quot;created_timestamp&quot;:&quot;0&quot;,&quot;copyright&quot;:&quot;&quot;,&quot;focal_length&quot;:&quot;0&quot;,&quot;iso&quot;:&quot;0&quot;,&quot;shutter_speed&quot;:&quot;0&quot;,&quot;title&quot;:&quot;&quot;,&quot;orientation&quot;:&quot;0&quot;}\" data-image-title=\"WhatsApp Image 2019-05-01 at 13.14.34\" data-image-description=\"\" data-image-caption=\"\" data-large-file=\"https:\/\/eldiariodesanpedro.com.ar\/sitio\/wp-content\/uploads\/2019\/05\/WhatsApp-Image-2019-05-01-at-13.14.34-768x1024.jpeg\" data-src=\"https:\/\/eldiariodesanpedro.com.ar\/sitio\/wp-content\/uploads\/2019\/05\/WhatsApp-Image-2019-05-01-at-13.14.34-768x1024.jpeg\" alt=\"\" class=\"wp-image-51231 lazyload\" data-srcset=\"https:\/\/eldiariodesanpedro.com.ar\/sitio\/wp-content\/uploads\/2019\/05\/WhatsApp-Image-2019-05-01-at-13.14.34-768x1024.jpeg 768w, https:\/\/eldiariodesanpedro.com.ar\/sitio\/wp-content\/uploads\/2019\/05\/WhatsApp-Image-2019-05-01-at-13.14.34-225x300.jpeg 225w, https:\/\/eldiariodesanpedro.com.ar\/sitio\/wp-content\/uploads\/2019\/05\/WhatsApp-Image-2019-05-01-at-13.14.34.jpeg 774w\" data-sizes=\"(max-width: 768px) 100vw, 768px\" src=\"data:image\/svg+xml;base64,PHN2ZyB3aWR0aD0iMSIgaGVpZ2h0PSIxIiB4bWxucz0iaHR0cDovL3d3dy53My5vcmcvMjAwMC9zdmciPjwvc3ZnPg==\" style=\"--smush-placeholder-width: 768px; --smush-placeholder-aspect-ratio: 768\/1024;\" \/><\/figure>\n","protected":false},"excerpt":{"rendered":"<p>Este martes en horas de la tarde el personal policial del Gabinete Criminologico de la Comisaria juntamente con personal de la DDI local, diligencio senda orden de allanamiento extendida por la justicia ordinaria en el marco de hecho de robo que se investigaba. El operativo se realiz\u00f3 en domicilio particular de calle La Laguna al [&hellip;]<\/p>\n","protected":false},"author":4,"featured_media":51230,"comment_status":"open","ping_status":"closed","sticky":false,"template":"","format":"standard","meta":{"om_disable_all_campaigns":false,"_jetpack_memberships_contains_paid_content":false,"footnotes":""},"categories":[2,103],"tags":[],"class_list":["post-51226","post","type-post","status-publish","format-standard","has-post-thumbnail","hentry","category-locales","category-policiales-locales"],"aioseo_notices":[],"gutentor_comment":0,"jetpack_featured_media_url":"https:\/\/eldiariodesanpedro.com.ar\/sitio\/wp-content\/uploads\/2019\/05\/WhatsApp-Image-2019-05-01-at-13.14.341.jpeg","jetpack_shortlink":"https:\/\/wp.me\/p6RhLt-dke","jetpack_sharing_enabled":true,"_links":{"self":[{"href":"https:\/\/eldiariodesanpedro.com.ar\/sitio\/wp-json\/wp\/v2\/posts\/51226","targetHints":{"allow":["GET"]}}],"collection":[{"href":"https:\/\/eldiariodesanpedro.com.ar\/sitio\/wp-json\/wp\/v2\/posts"}],"about":[{"href":"https:\/\/eldiariodesanpedro.com.ar\/sitio\/wp-json\/wp\/v2\/types\/post"}],"author":[{"embeddable":true,"href":"https:\/\/eldiariodesanpedro.com.ar\/sitio\/wp-json\/wp\/v2\/users\/4"}],"replies":[{"embeddable":true,"href":"https:\/\/eldiariodesanpedro.com.ar\/sitio\/wp-json\/wp\/v2\/comments?post=51226"}],"version-history":[{"count":2,"href":"https:\/\/eldiariodesanpedro.com.ar\/sitio\/wp-json\/wp\/v2\/posts\/51226\/revisions"}],"predecessor-version":[{"id":51238,"href":"https:\/\/eldiariodesanpedro.com.ar\/sitio\/wp-json\/wp\/v2\/posts\/51226\/revisions\/51238"}],"wp:featuredmedia":[{"embeddable":true,"href":"https:\/\/eldiariodesanpedro.com.ar\/sitio\/wp-json\/wp\/v2\/media\/51230"}],"wp:attachment":[{"href":"https:\/\/eldiariodesanpedro.com.ar\/sitio\/wp-json\/wp\/v2\/media?parent=51226"}],"wp:term":[{"taxonomy":"category","embeddable":true,"href":"https:\/\/eldiariodesanpedro.com.ar\/sitio\/wp-json\/wp\/v2\/categories?post=51226"},{"taxonomy":"post_tag","embeddable":true,"href":"https:\/\/eldiariodesanpedro.com.ar\/sitio\/wp-json\/wp\/v2\/tags?post=51226"}],"curies":[{"name":"wp","href":"https:\/\/api.w.org\/{rel}","templated":true}]}}