{"id":51054,"date":"2019-04-26T10:53:47","date_gmt":"2019-04-26T13:53:47","guid":{"rendered":"https:\/\/eldiariodesanpedro.com.ar\/sitio\/?p=51054"},"modified":"2019-04-26T10:53:58","modified_gmt":"2019-04-26T13:53:58","slug":"zarate-impactante-accidente-en-ruta-9-y-193","status":"publish","type":"post","link":"https:\/\/eldiariodesanpedro.com.ar\/sitio\/zarate-impactante-accidente-en-ruta-9-y-193\/","title":{"rendered":"ZARATE: Impactante accidente en Ruta 9 y 193"},"content":{"rendered":"<!-- VideographyWP Plugin Message: Automatic video embedding prevented by plugin options. -->\n\n<p>Un Toyota Corolla se incrust\u00f3 en la parte trasera de un cami\u00f3n Iveco. El conductor, pese a resultar con grandes lesiones, fue rescatado con vida por Bomberos Voluntarios. <\/p>\n\n\n\n<p>El hecho sucedi\u00f3 hace instantes, el conductor fue trasladado de urgencia en ambulancia de SEMU hacia el Hospital Zonal Virgen del Carmen. Seg\u00fan testigos del hecho, el veh\u00edculo ven\u00eda a gran velocidad y el transporte de la firma SP fren\u00f3 de golpe, lo que produjo la colisi\u00f3n entre ambos. <\/p>\n\n\n\n<p>El martes, a tan solo un kil\u00f3metro de distancia un hombre perdi\u00f3 la vida en un fuerte choque contra un cami\u00f3n. Walter Roman Yovanovich, de 47 a\u00f1os, oriundo de Villa Fox, falleci\u00f3 en el acto. Polic\u00eda Cient\u00edfica todav\u00eda intenta reconstruir el momento del suceso. <\/p>\n\n\n\n<p><strong>Fuente:&nbsp;<\/strong>Noticias Z\u00e1rate Alerta\n\n<\/p>\n","protected":false},"excerpt":{"rendered":"<p>Un Toyota Corolla se incrust\u00f3 en la parte trasera de un cami\u00f3n Iveco. El conductor, pese a resultar con grandes lesiones, fue rescatado con vida por Bomberos Voluntarios. El hecho sucedi\u00f3 hace instantes, el conductor fue trasladado de urgencia en ambulancia de SEMU hacia el Hospital Zonal Virgen del Carmen. Seg\u00fan testigos del hecho, el [&hellip;]<\/p>\n","protected":false},"author":4,"featured_media":51057,"comment_status":"open","ping_status":"closed","sticky":false,"template":"","format":"standard","meta":{"om_disable_all_campaigns":false,"_jetpack_memberships_contains_paid_content":false,"footnotes":""},"categories":[621],"tags":[],"class_list":["post-51054","post","type-post","status-publish","format-standard","has-post-thumbnail","hentry","category-regionales"],"aioseo_notices":[],"gutentor_comment":0,"jetpack_featured_media_url":"https:\/\/eldiariodesanpedro.com.ar\/sitio\/wp-content\/uploads\/2019\/04\/IMG-20190425-WA0047-768x432.jpg","jetpack_shortlink":"https:\/\/wp.me\/p6RhLt-dhs","jetpack_sharing_enabled":true,"_links":{"self":[{"href":"https:\/\/eldiariodesanpedro.com.ar\/sitio\/wp-json\/wp\/v2\/posts\/51054","targetHints":{"allow":["GET"]}}],"collection":[{"href":"https:\/\/eldiariodesanpedro.com.ar\/sitio\/wp-json\/wp\/v2\/posts"}],"about":[{"href":"https:\/\/eldiariodesanpedro.com.ar\/sitio\/wp-json\/wp\/v2\/types\/post"}],"author":[{"embeddable":true,"href":"https:\/\/eldiariodesanpedro.com.ar\/sitio\/wp-json\/wp\/v2\/users\/4"}],"replies":[{"embeddable":true,"href":"https:\/\/eldiariodesanpedro.com.ar\/sitio\/wp-json\/wp\/v2\/comments?post=51054"}],"version-history":[{"count":1,"href":"https:\/\/eldiariodesanpedro.com.ar\/sitio\/wp-json\/wp\/v2\/posts\/51054\/revisions"}],"predecessor-version":[{"id":51058,"href":"https:\/\/eldiariodesanpedro.com.ar\/sitio\/wp-json\/wp\/v2\/posts\/51054\/revisions\/51058"}],"wp:featuredmedia":[{"embeddable":true,"href":"https:\/\/eldiariodesanpedro.com.ar\/sitio\/wp-json\/wp\/v2\/media\/51057"}],"wp:attachment":[{"href":"https:\/\/eldiariodesanpedro.com.ar\/sitio\/wp-json\/wp\/v2\/media?parent=51054"}],"wp:term":[{"taxonomy":"category","embeddable":true,"href":"https:\/\/eldiariodesanpedro.com.ar\/sitio\/wp-json\/wp\/v2\/categories?post=51054"},{"taxonomy":"post_tag","embeddable":true,"href":"https:\/\/eldiariodesanpedro.com.ar\/sitio\/wp-json\/wp\/v2\/tags?post=51054"}],"curies":[{"name":"wp","href":"https:\/\/api.w.org\/{rel}","templated":true}]}}