{"id":51053,"date":"2019-04-26T10:44:14","date_gmt":"2019-04-26T13:44:14","guid":{"rendered":"https:\/\/eldiariodesanpedro.com.ar\/sitio\/?p=51053"},"modified":"2019-04-26T10:44:21","modified_gmt":"2019-04-26T13:44:21","slug":"violencia-familiar-un-aprehendido-por-amenazar-a-su-pareja-y-otro-a-su-ex","status":"publish","type":"post","link":"https:\/\/eldiariodesanpedro.com.ar\/sitio\/violencia-familiar-un-aprehendido-por-amenazar-a-su-pareja-y-otro-a-su-ex\/","title":{"rendered":"Violencia Familiar: Un aprehendido por amenazar a su pareja y otro a su ex"},"content":{"rendered":"<!-- VideographyWP Plugin Message: Automatic video embedding prevented by plugin options. -->\n\n<p>Los agresores fueron detenidos en distintas direcciones, tras el r\u00e1pido accionar del personal policial. Uno de ellos logro tambi\u00e9n producir da\u00f1os en la vivienda de la victima.<\/p>\n\n\n\n<p>El primer hecho sucedi\u00f3 alrededor de las 11 horas de este jueves, la victima de 31 a\u00f1os de edad, se encontraba en su domicilio de calle Auli 450 cuando su pareja, un hombre de 45 comienza amenazarla de muerte,  intimidandola verbalmente y caus\u00e1ndole da\u00f1os a una de las puertas de la morada emprendiendo a la fuga.<\/p>\n\n\n\n<p>Tras el alerta y r\u00e1pido accionar de los efectivos policiales, logran reducirlo en cercan\u00edas,  sobre calle Chacabuco,  entre Miguel Porta e Ituizango.<\/p>\n\n\n\n<p>El agresor fue trasladado a la dependencia local y con respecto a la victima fue asistida en la Comisaria de la Mujer.<\/p>\n\n\n\n<p>El segundo hecho sucedi\u00f3 a las 22 y 30 horas, cuando una mujer de 31 es agredida verbalmente por su ex, amenaz\u00e1ndola de muerte en su vivienda ubicada en calle Almafuerte al 2450.<\/p>\n\n\n\n<p>El agresor tras el alerta fue aprehendido r\u00e1pidamente y trasladado a la dependencia. La victima fue asistida en la Comisaria de la Mujer.<\/p>\n\n\n\n<p>En ambos casos intervino la fiscalia en turno.<br><br><\/p>\n","protected":false},"excerpt":{"rendered":"<p>Los agresores fueron detenidos en distintas direcciones, tras el r\u00e1pido accionar del personal policial. Uno de ellos logro tambi\u00e9n producir da\u00f1os en la vivienda de la victima. El primer hecho sucedi\u00f3 alrededor de las 11 horas de este jueves, la victima de 31 a\u00f1os de edad, se encontraba en su domicilio de calle Auli 450 [&hellip;]<\/p>\n","protected":false},"author":4,"featured_media":5540,"comment_status":"open","ping_status":"closed","sticky":false,"template":"","format":"standard","meta":{"om_disable_all_campaigns":false,"_jetpack_memberships_contains_paid_content":false,"footnotes":""},"categories":[2,103],"tags":[],"class_list":["post-51053","post","type-post","status-publish","format-standard","has-post-thumbnail","hentry","category-locales","category-policiales-locales"],"aioseo_notices":[],"gutentor_comment":0,"jetpack_featured_media_url":"https:\/\/eldiariodesanpedro.com.ar\/sitio\/wp-content\/uploads\/2016\/06\/Comisaria-de-la-mujer.jpg","jetpack_shortlink":"https:\/\/wp.me\/p6RhLt-dhr","jetpack_sharing_enabled":true,"_links":{"self":[{"href":"https:\/\/eldiariodesanpedro.com.ar\/sitio\/wp-json\/wp\/v2\/posts\/51053","targetHints":{"allow":["GET"]}}],"collection":[{"href":"https:\/\/eldiariodesanpedro.com.ar\/sitio\/wp-json\/wp\/v2\/posts"}],"about":[{"href":"https:\/\/eldiariodesanpedro.com.ar\/sitio\/wp-json\/wp\/v2\/types\/post"}],"author":[{"embeddable":true,"href":"https:\/\/eldiariodesanpedro.com.ar\/sitio\/wp-json\/wp\/v2\/users\/4"}],"replies":[{"embeddable":true,"href":"https:\/\/eldiariodesanpedro.com.ar\/sitio\/wp-json\/wp\/v2\/comments?post=51053"}],"version-history":[{"count":1,"href":"https:\/\/eldiariodesanpedro.com.ar\/sitio\/wp-json\/wp\/v2\/posts\/51053\/revisions"}],"predecessor-version":[{"id":51055,"href":"https:\/\/eldiariodesanpedro.com.ar\/sitio\/wp-json\/wp\/v2\/posts\/51053\/revisions\/51055"}],"wp:featuredmedia":[{"embeddable":true,"href":"https:\/\/eldiariodesanpedro.com.ar\/sitio\/wp-json\/wp\/v2\/media\/5540"}],"wp:attachment":[{"href":"https:\/\/eldiariodesanpedro.com.ar\/sitio\/wp-json\/wp\/v2\/media?parent=51053"}],"wp:term":[{"taxonomy":"category","embeddable":true,"href":"https:\/\/eldiariodesanpedro.com.ar\/sitio\/wp-json\/wp\/v2\/categories?post=51053"},{"taxonomy":"post_tag","embeddable":true,"href":"https:\/\/eldiariodesanpedro.com.ar\/sitio\/wp-json\/wp\/v2\/tags?post=51053"}],"curies":[{"name":"wp","href":"https:\/\/api.w.org\/{rel}","templated":true}]}}