{"id":51051,"date":"2019-04-26T09:55:12","date_gmt":"2019-04-26T12:55:12","guid":{"rendered":"https:\/\/eldiariodesanpedro.com.ar\/sitio\/?p=51051"},"modified":"2019-04-26T09:55:18","modified_gmt":"2019-04-26T12:55:18","slug":"varios-danos-e-incendios-a-automoviles-en-una-noche","status":"publish","type":"post","link":"https:\/\/eldiariodesanpedro.com.ar\/sitio\/varios-danos-e-incendios-a-automoviles-en-una-noche\/","title":{"rendered":"Varios da\u00f1os e incendios a autom\u00f3viles en una noche"},"content":{"rendered":"<!-- VideographyWP Plugin Message: Automatic video embedding prevented by plugin options. -->\n\n<p>Durante el d\u00eda y la noche de este jueves,  con una intervenci\u00f3n tambi\u00e9n por la madrugada de hoy, han ocurrido tres hechos de incendio a autom\u00f3viles en la v\u00eda publica y  dos hechos de da\u00f1os, uno con intento de robo, a autom\u00f3viles en nuestra ciudad.<\/p>\n\n\n\n<p>Las denuncias radicadas en la dependencia local consta con primeramente un hombre de 47 a\u00f1os de edad, dice haber sido alertado por la alarma de su auto que se encontraba estacionado en la cochera ubicada en Av. 11 de Septiembre al 1100, cuando se dirige a ella visualiza un sujeto quien se encontraba rompiendo el vidrio trasero del rodado e inmediatamente emprende a la fuga, sin lograr sustraer nada del interior del mismo.<\/p>\n\n\n\n<p>Siendo las 18 horas del d\u00eda jueves, un joven de 20 que tenia estacionado su autom\u00f3vil Volkswagen Gol sobre calle Sarmiento entre Goycochea y Laprida, constata que le hab\u00edan causado da\u00f1os en la puerta de acompa\u00f1ante.<\/p>\n\n\n\n<p>Llama mas la atenci\u00f3n los tres casos de incendios durante la noche,  quien el  Se\u00f1or Comisario Galeano puso en alerta a su personal \u00abestamos en alerta, nos cambia a un foco de m\u00e1xima atenci\u00f3n\u00bb expresaba en un medio radial esta ma\u00f1ana,  \u00absi bien no hay estad\u00edsticas precisas muchos casos no son denunciados o el fuego es controlado por los damnificados\u00bb, culminaba.<\/p>\n\n\n\n<p>El primer hecho sucedi\u00f3 en calle Davila al 600, cerca de las 23 y 45 horas, fue sofocado por los vecinos pero la unidad 20 de bomberos acudi\u00f3 el lugar y termino con el enfriamiento del veh\u00edculo.<\/p>\n\n\n\n<p>Por la madrugada, alrededor de las 3 horas, nuevamente otro incendio de veh\u00edculo se estaba produciendo sobre calle Kenedy y Gardel, y a las dos horas alrededor de las 5 y 30, el ultimo episodio suced\u00eda sobre calle Alvarado y 11 de Septiembre.<\/p>\n\n\n\n<p><br><\/p>\n","protected":false},"excerpt":{"rendered":"<p>Durante el d\u00eda y la noche de este jueves, con una intervenci\u00f3n tambi\u00e9n por la madrugada de hoy, han ocurrido tres hechos de incendio a autom\u00f3viles en la v\u00eda publica y dos hechos de da\u00f1os, uno con intento de robo, a autom\u00f3viles en nuestra ciudad. Las denuncias radicadas en la dependencia local consta con primeramente [&hellip;]<\/p>\n","protected":false},"author":4,"featured_media":10494,"comment_status":"open","ping_status":"closed","sticky":false,"template":"","format":"standard","meta":{"om_disable_all_campaigns":false,"_jetpack_memberships_contains_paid_content":false,"footnotes":""},"categories":[50,2,103],"tags":[],"class_list":["post-51051","post","type-post","status-publish","format-standard","has-post-thumbnail","hentry","category-destacadas","category-locales","category-policiales-locales"],"aioseo_notices":[],"gutentor_comment":1,"jetpack_featured_media_url":"https:\/\/eldiariodesanpedro.com.ar\/sitio\/wp-content\/uploads\/2016\/11\/bomberos-voluntarios.jpg","jetpack_shortlink":"https:\/\/wp.me\/p6RhLt-dhp","jetpack_sharing_enabled":true,"_links":{"self":[{"href":"https:\/\/eldiariodesanpedro.com.ar\/sitio\/wp-json\/wp\/v2\/posts\/51051","targetHints":{"allow":["GET"]}}],"collection":[{"href":"https:\/\/eldiariodesanpedro.com.ar\/sitio\/wp-json\/wp\/v2\/posts"}],"about":[{"href":"https:\/\/eldiariodesanpedro.com.ar\/sitio\/wp-json\/wp\/v2\/types\/post"}],"author":[{"embeddable":true,"href":"https:\/\/eldiariodesanpedro.com.ar\/sitio\/wp-json\/wp\/v2\/users\/4"}],"replies":[{"embeddable":true,"href":"https:\/\/eldiariodesanpedro.com.ar\/sitio\/wp-json\/wp\/v2\/comments?post=51051"}],"version-history":[{"count":1,"href":"https:\/\/eldiariodesanpedro.com.ar\/sitio\/wp-json\/wp\/v2\/posts\/51051\/revisions"}],"predecessor-version":[{"id":51052,"href":"https:\/\/eldiariodesanpedro.com.ar\/sitio\/wp-json\/wp\/v2\/posts\/51051\/revisions\/51052"}],"wp:featuredmedia":[{"embeddable":true,"href":"https:\/\/eldiariodesanpedro.com.ar\/sitio\/wp-json\/wp\/v2\/media\/10494"}],"wp:attachment":[{"href":"https:\/\/eldiariodesanpedro.com.ar\/sitio\/wp-json\/wp\/v2\/media?parent=51051"}],"wp:term":[{"taxonomy":"category","embeddable":true,"href":"https:\/\/eldiariodesanpedro.com.ar\/sitio\/wp-json\/wp\/v2\/categories?post=51051"},{"taxonomy":"post_tag","embeddable":true,"href":"https:\/\/eldiariodesanpedro.com.ar\/sitio\/wp-json\/wp\/v2\/tags?post=51051"}],"curies":[{"name":"wp","href":"https:\/\/api.w.org\/{rel}","templated":true}]}}