{"id":51043,"date":"2019-04-26T08:38:22","date_gmt":"2019-04-26T11:38:22","guid":{"rendered":"https:\/\/eldiariodesanpedro.com.ar\/sitio\/?p=51043"},"modified":"2019-04-26T08:38:32","modified_gmt":"2019-04-26T11:38:32","slug":"productores-de-la-region-en-san-pedro-en-un-encuentro-encabezado-por-el-ministro-sarquis","status":"publish","type":"post","link":"https:\/\/eldiariodesanpedro.com.ar\/sitio\/productores-de-la-region-en-san-pedro-en-un-encuentro-encabezado-por-el-ministro-sarquis\/","title":{"rendered":"Productores de la regi\u00f3n en San Pedro en un encuentro encabezado por el Ministro Sarquis"},"content":{"rendered":"<!-- VideographyWP Plugin Message: Automatic video embedding prevented by plugin options. -->\n\n<p>El Ministro de Agroindustria de la Provincia de Buenos Aires, Leonardo Sarquis encabez\u00f3 la apertura del Primer Encuentro de Productores Bonaerenses que la Federaci\u00f3n Econ\u00f3mica de la Provincia de Buenos Aires organiz\u00f3 este jueves en San Pedro con una iniciativa compartida por entidades de la producci\u00f3n local y la Municipalidad de San Pedro.<\/p>\n\n\n\n<p>Se organizaron mesas de debate para repasar las situaciones de cada sector productivo de la provincia y tanto el Secretario de Gobierno Silvio Corti en la apertura como el Desarrollo Econ\u00f3mico Alfredo Camilletti en el cierre destacaron la importancia que se haya vuelto a elegir nuestra regi\u00f3n para este tipo de actividad.<\/p>\n\n\n\n<p>Como hace dos a\u00f1os, San Pedro volvi\u00f3 a ser sede de una importante actividad regional organizada por la Federaci\u00f3n Econ\u00f3mica de la Provincia de Buenos Aires (FEBA) y la Federaci\u00f3n de Producciones Intensivas de la Provincia de Buenos Aires (FEBAPRI) que reunieron en las instalaciones del Club de Pescadores a productores de toda la Provincia de Buenos Aires en el 1\u00ba Encuentro Regional.<\/p>\n\n\n\n<p>El Ministro de Agroindustria de la Provincia de Buenos Aires, Leonardo Sarquis encabez\u00f3 el acto de apertura acompa\u00f1ando a representantes de las federaciones organizadoras Irineo Qui\u00f1ones Vicepresidente de FEBA y Camilo Alberto Kahale, Presidente de FEBA.\u00a0<\/p>\n\n\n\n<p>El Secretario de Gobierno Silvio Corti que particip\u00f3 del lanzamiento en representaci\u00f3n del Intendente Cecilio Salazar (convocado a un encuentro con la Gobernadora Mar\u00eda Eugenia Vidal en Capital Federal), fue el encargado de dar la bienvenida local de manera oficial, agradeciendo que nuevamente se haya elegido nuestra ciudad y destacando el crecimiento de las organizaciones de productores locales en los diferentes rubros y la Mesa Multisectorial en la que participan el sector p\u00fablico y el sector privado.<\/p>\n\n\n\n<p>El Ministro destac\u00f3 la importancia de la Provincia de Buenos Aires en el movimiento econ\u00f3mico nacional, las medidas anunciadas por la Gobernadora Vidal para seguir respaldando al sector y en uno de los hechos relevantes, anticip\u00f3 la presentaci\u00f3n en San Pedro del Programa Agro 2023 que pretende trazar l\u00edneas de trabajo para el futuro tomando como referencia toda la informaci\u00f3n, las experiencias y los proyectos implementados en los a\u00f1os que han transcurrido en la gesti\u00f3n.\u00a0<\/p>\n\n\n\n<p>El Ministro tambi\u00e9n se\u00f1al\u00f3 que la importancia estrat\u00e9gica de San Pedro con la producci\u00f3n, el turismo, el puerto y su ubicaci\u00f3n hacen que se debe poner cada vez m\u00e1s el foco en nuestra regi\u00f3n para un crecimiento constante.<\/p>\n\n\n\n<p>\u00a0La C\u00e1mara de Viveristas y Floricultores de San Pedro, la Asociaci\u00f3n Frutos de la Tierra y el R\u00edo, CAPROEM, la Asociaci\u00f3n de Pescadores y otros grupos locales compartieron mesas de trabajo con productores que llegaron desde Pergamino, Salto y Mereces entre otras ciudades.\u00a0<\/p>\n\n\n\n<p>Entre otros paneles se destacaron el propuesto por el Ingeniero Jorge Pazos Director de Econom\u00edas Regionales de CAME y por Miguel Tezanos Pinto, Subsecretario de Agricultura Gander\u00eda e Industria de la Provincia.\u00a0<\/p>\n\n\n\n<p>El cierre del encuentro present\u00f3 el documento final con las conclusiones de cada una de las mesas y el Secretario de Desarrollo Econ\u00f3mico Alfredo Camilletti fue el encargado de acompa\u00f1ar a las autoridades de la organizaci\u00f3n en representaci\u00f3n de la Municipalidad. <\/p>\n\n\n\n<ul class=\"wp-block-gallery columns-3 is-cropped wp-block-gallery-1 is-layout-flex wp-block-gallery-is-layout-flex\"><li class=\"blocks-gallery-item\"><figure><img decoding=\"async\" width=\"5530\" height=\"2983\" data-attachment-id=\"51045\" data-permalink=\"https:\/\/eldiariodesanpedro.com.ar\/sitio\/productores-de-la-region-en-san-pedro-en-un-encuentro-encabezado-por-el-ministro-sarquis\/1-82\/\" data-orig-file=\"https:\/\/eldiariodesanpedro.com.ar\/sitio\/wp-content\/uploads\/2019\/04\/1-6.jpg\" data-orig-size=\"5530,2983\" data-comments-opened=\"1\" data-image-meta=\"{&quot;aperture&quot;:&quot;4&quot;,&quot;credit&quot;:&quot;&quot;,&quot;camera&quot;:&quot;Canon EOS 5D Mark III&quot;,&quot;caption&quot;:&quot;&quot;,&quot;created_timestamp&quot;:&quot;1563882354&quot;,&quot;copyright&quot;:&quot;&quot;,&quot;focal_length&quot;:&quot;24&quot;,&quot;iso&quot;:&quot;1600&quot;,&quot;shutter_speed&quot;:&quot;0.016666666666667&quot;,&quot;title&quot;:&quot;&quot;,&quot;orientation&quot;:&quot;0&quot;}\" data-image-title=\"1\" data-image-description=\"\" data-image-caption=\"\" data-large-file=\"https:\/\/eldiariodesanpedro.com.ar\/sitio\/wp-content\/uploads\/2019\/04\/1-6-1024x552.jpg\" data-src=\"https:\/\/i0.wp.com\/eldiariodesanpedro.com.ar\/sitio\/wp-content\/uploads\/2019\/04\/1-6.jpg?fit=660%2C356\" alt=\"\" data-id=\"51045\" data-link=\"https:\/\/eldiariodesanpedro.com.ar\/sitio\/?attachment_id=51045\" class=\"wp-image-51045 lazyload\" data-srcset=\"https:\/\/eldiariodesanpedro.com.ar\/sitio\/wp-content\/uploads\/2019\/04\/1-6.jpg 5530w, https:\/\/eldiariodesanpedro.com.ar\/sitio\/wp-content\/uploads\/2019\/04\/1-6-300x162.jpg 300w, https:\/\/eldiariodesanpedro.com.ar\/sitio\/wp-content\/uploads\/2019\/04\/1-6-768x414.jpg 768w, https:\/\/eldiariodesanpedro.com.ar\/sitio\/wp-content\/uploads\/2019\/04\/1-6-1024x552.jpg 1024w\" data-sizes=\"(max-width: 5530px) 100vw, 5530px\" src=\"data:image\/svg+xml;base64,PHN2ZyB3aWR0aD0iMSIgaGVpZ2h0PSIxIiB4bWxucz0iaHR0cDovL3d3dy53My5vcmcvMjAwMC9zdmciPjwvc3ZnPg==\" style=\"--smush-placeholder-width: 5530px; --smush-placeholder-aspect-ratio: 5530\/2983;\" \/><\/figure><\/li><li class=\"blocks-gallery-item\"><figure><img decoding=\"async\" width=\"5558\" height=\"3549\" data-attachment-id=\"51046\" data-permalink=\"https:\/\/eldiariodesanpedro.com.ar\/sitio\/productores-de-la-region-en-san-pedro-en-un-encuentro-encabezado-por-el-ministro-sarquis\/4-33\/\" data-orig-file=\"https:\/\/eldiariodesanpedro.com.ar\/sitio\/wp-content\/uploads\/2019\/04\/4-6.jpg\" data-orig-size=\"5558,3549\" data-comments-opened=\"1\" data-image-meta=\"{&quot;aperture&quot;:&quot;4&quot;,&quot;credit&quot;:&quot;&quot;,&quot;camera&quot;:&quot;Canon EOS 5D Mark III&quot;,&quot;caption&quot;:&quot;&quot;,&quot;created_timestamp&quot;:&quot;1563880204&quot;,&quot;copyright&quot;:&quot;&quot;,&quot;focal_length&quot;:&quot;24&quot;,&quot;iso&quot;:&quot;1600&quot;,&quot;shutter_speed&quot;:&quot;0.016666666666667&quot;,&quot;title&quot;:&quot;&quot;,&quot;orientation&quot;:&quot;0&quot;}\" data-image-title=\"4\" data-image-description=\"\" data-image-caption=\"\" data-large-file=\"https:\/\/eldiariodesanpedro.com.ar\/sitio\/wp-content\/uploads\/2019\/04\/4-6-1024x654.jpg\" data-src=\"https:\/\/i2.wp.com\/eldiariodesanpedro.com.ar\/sitio\/wp-content\/uploads\/2019\/04\/4-6.jpg?fit=660%2C422\" alt=\"\" data-id=\"51046\" data-link=\"https:\/\/eldiariodesanpedro.com.ar\/sitio\/?attachment_id=51046\" class=\"wp-image-51046 lazyload\" data-srcset=\"https:\/\/eldiariodesanpedro.com.ar\/sitio\/wp-content\/uploads\/2019\/04\/4-6.jpg 5558w, https:\/\/eldiariodesanpedro.com.ar\/sitio\/wp-content\/uploads\/2019\/04\/4-6-300x192.jpg 300w, https:\/\/eldiariodesanpedro.com.ar\/sitio\/wp-content\/uploads\/2019\/04\/4-6-768x490.jpg 768w, https:\/\/eldiariodesanpedro.com.ar\/sitio\/wp-content\/uploads\/2019\/04\/4-6-1024x654.jpg 1024w\" data-sizes=\"(max-width: 5558px) 100vw, 5558px\" src=\"data:image\/svg+xml;base64,PHN2ZyB3aWR0aD0iMSIgaGVpZ2h0PSIxIiB4bWxucz0iaHR0cDovL3d3dy53My5vcmcvMjAwMC9zdmciPjwvc3ZnPg==\" style=\"--smush-placeholder-width: 5558px; --smush-placeholder-aspect-ratio: 5558\/3549;\" \/><\/figure><\/li><li class=\"blocks-gallery-item\"><figure><img decoding=\"async\" width=\"5760\" height=\"3010\" data-attachment-id=\"51047\" data-permalink=\"https:\/\/eldiariodesanpedro.com.ar\/sitio\/productores-de-la-region-en-san-pedro-en-un-encuentro-encabezado-por-el-ministro-sarquis\/attachment\/72\/\" data-orig-file=\"https:\/\/eldiariodesanpedro.com.ar\/sitio\/wp-content\/uploads\/2019\/04\/72.jpg\" data-orig-size=\"5760,3010\" data-comments-opened=\"1\" data-image-meta=\"{&quot;aperture&quot;:&quot;4&quot;,&quot;credit&quot;:&quot;&quot;,&quot;camera&quot;:&quot;Canon EOS 5D Mark III&quot;,&quot;caption&quot;:&quot;&quot;,&quot;created_timestamp&quot;:&quot;1563881245&quot;,&quot;copyright&quot;:&quot;&quot;,&quot;focal_length&quot;:&quot;24&quot;,&quot;iso&quot;:&quot;1600&quot;,&quot;shutter_speed&quot;:&quot;0.0125&quot;,&quot;title&quot;:&quot;&quot;,&quot;orientation&quot;:&quot;0&quot;}\" data-image-title=\"7(2)\" data-image-description=\"\" data-image-caption=\"\" data-large-file=\"https:\/\/eldiariodesanpedro.com.ar\/sitio\/wp-content\/uploads\/2019\/04\/72-1024x535.jpg\" data-src=\"https:\/\/i0.wp.com\/eldiariodesanpedro.com.ar\/sitio\/wp-content\/uploads\/2019\/04\/72.jpg?fit=660%2C345\" alt=\"\" data-id=\"51047\" data-link=\"https:\/\/eldiariodesanpedro.com.ar\/sitio\/?attachment_id=51047\" class=\"wp-image-51047 lazyload\" data-srcset=\"https:\/\/eldiariodesanpedro.com.ar\/sitio\/wp-content\/uploads\/2019\/04\/72.jpg 5760w, https:\/\/eldiariodesanpedro.com.ar\/sitio\/wp-content\/uploads\/2019\/04\/72-300x157.jpg 300w, https:\/\/eldiariodesanpedro.com.ar\/sitio\/wp-content\/uploads\/2019\/04\/72-768x401.jpg 768w, https:\/\/eldiariodesanpedro.com.ar\/sitio\/wp-content\/uploads\/2019\/04\/72-1024x535.jpg 1024w, https:\/\/eldiariodesanpedro.com.ar\/sitio\/wp-content\/uploads\/2019\/04\/72-390x205.jpg 390w\" data-sizes=\"(max-width: 5760px) 100vw, 5760px\" src=\"data:image\/svg+xml;base64,PHN2ZyB3aWR0aD0iMSIgaGVpZ2h0PSIxIiB4bWxucz0iaHR0cDovL3d3dy53My5vcmcvMjAwMC9zdmciPjwvc3ZnPg==\" style=\"--smush-placeholder-width: 5760px; --smush-placeholder-aspect-ratio: 5760\/3010;\" \/><\/figure><\/li><\/ul>\n","protected":false},"excerpt":{"rendered":"<p>El Ministro de Agroindustria de la Provincia de Buenos Aires, Leonardo Sarquis encabez\u00f3 la apertura del Primer Encuentro de Productores Bonaerenses que la Federaci\u00f3n Econ\u00f3mica de la Provincia de Buenos Aires organiz\u00f3 este jueves en San Pedro con una iniciativa compartida por entidades de la producci\u00f3n local y la Municipalidad de San Pedro. Se organizaron [&hellip;]<\/p>\n","protected":false},"author":4,"featured_media":51045,"comment_status":"open","ping_status":"closed","sticky":false,"template":"","format":"standard","meta":{"om_disable_all_campaigns":false,"_jetpack_memberships_contains_paid_content":false,"footnotes":""},"categories":[50,101,2],"tags":[],"class_list":["post-51043","post","type-post","status-publish","format-standard","has-post-thumbnail","hentry","category-destacadas","category-interes-general-locales","category-locales"],"aioseo_notices":[],"gutentor_comment":0,"jetpack_featured_media_url":"https:\/\/eldiariodesanpedro.com.ar\/sitio\/wp-content\/uploads\/2019\/04\/1-6.jpg","jetpack_shortlink":"https:\/\/wp.me\/p6RhLt-dhh","jetpack_sharing_enabled":true,"_links":{"self":[{"href":"https:\/\/eldiariodesanpedro.com.ar\/sitio\/wp-json\/wp\/v2\/posts\/51043","targetHints":{"allow":["GET"]}}],"collection":[{"href":"https:\/\/eldiariodesanpedro.com.ar\/sitio\/wp-json\/wp\/v2\/posts"}],"about":[{"href":"https:\/\/eldiariodesanpedro.com.ar\/sitio\/wp-json\/wp\/v2\/types\/post"}],"author":[{"embeddable":true,"href":"https:\/\/eldiariodesanpedro.com.ar\/sitio\/wp-json\/wp\/v2\/users\/4"}],"replies":[{"embeddable":true,"href":"https:\/\/eldiariodesanpedro.com.ar\/sitio\/wp-json\/wp\/v2\/comments?post=51043"}],"version-history":[{"count":1,"href":"https:\/\/eldiariodesanpedro.com.ar\/sitio\/wp-json\/wp\/v2\/posts\/51043\/revisions"}],"predecessor-version":[{"id":51048,"href":"https:\/\/eldiariodesanpedro.com.ar\/sitio\/wp-json\/wp\/v2\/posts\/51043\/revisions\/51048"}],"wp:featuredmedia":[{"embeddable":true,"href":"https:\/\/eldiariodesanpedro.com.ar\/sitio\/wp-json\/wp\/v2\/media\/51045"}],"wp:attachment":[{"href":"https:\/\/eldiariodesanpedro.com.ar\/sitio\/wp-json\/wp\/v2\/media?parent=51043"}],"wp:term":[{"taxonomy":"category","embeddable":true,"href":"https:\/\/eldiariodesanpedro.com.ar\/sitio\/wp-json\/wp\/v2\/categories?post=51043"},{"taxonomy":"post_tag","embeddable":true,"href":"https:\/\/eldiariodesanpedro.com.ar\/sitio\/wp-json\/wp\/v2\/tags?post=51043"}],"curies":[{"name":"wp","href":"https:\/\/api.w.org\/{rel}","templated":true}]}}