{"id":51037,"date":"2019-04-25T18:44:06","date_gmt":"2019-04-25T21:44:06","guid":{"rendered":"https:\/\/eldiariodesanpedro.com.ar\/sitio\/?p=51037"},"modified":"2019-04-25T18:44:16","modified_gmt":"2019-04-25T21:44:16","slug":"juicio-por-jurados-para-el-asesinato-de-norberto-boccardo-en-junio","status":"publish","type":"post","link":"https:\/\/eldiariodesanpedro.com.ar\/sitio\/juicio-por-jurados-para-el-asesinato-de-norberto-boccardo-en-junio\/","title":{"rendered":"Juicio por jurados para el asesinato de Norberto Boccardo en junio"},"content":{"rendered":"<!-- VideographyWP Plugin Message: Automatic video embedding prevented by plugin options. -->\n\n<p>La \u00fanica imputada es Cristina Mateos, la mujer que estaba con la v\u00edctima en el momento de su muerte e intent\u00f3 hacer creer que se trat\u00f3 de un suicidio. <\/p>\n\n\n\n<p>El mes pr\u00f3ximo se definir\u00e1 la situaci\u00f3n procesal de Cristina Mateos, la mujer de 60\u00a0a\u00f1os que est\u00e1 imputada en el asesinato de Norberto Boccardo, el hombre de 62 a\u00f1os que muri\u00f3 el 7 de noviembre de 2014 en una casa quinta del moj\u00f3n 272 del barrio Villa Jard\u00edn.\u00a0<\/p>\n\n\n\n<p>El juicio por jurados ser\u00e1 los d\u00edas 13 y 14 de junio pr\u00f3ximo en el Tribunal Criminal N\u00b01 de San Nicol\u00e1s y all\u00ed se develar\u00e1n los pormenores de una causa en la que la \u00fanica sospechosa podr\u00eda recibir una dura condena.&nbsp;<\/p>\n\n\n\n<p>La mujer est\u00e1 acusada de matar a su pareja quien se encontraba durmiendo en la misma casa en que se produjo el deceso. En principio todo trascendi\u00f3 como un suicidio, pero tiempo despu\u00e9s, los peritajes efectuados en el lugar del hecho permiti\u00f3 al Fiscal Marcelo Manso ordenar procesar a Mateos ya que todo indic\u00f3 que no se trat\u00f3 de un suicidio sino de un homicidio.<\/p>\n\n\n\n<p>Fuente: San Pedro Informa<\/p>\n","protected":false},"excerpt":{"rendered":"<p>La \u00fanica imputada es Cristina Mateos, la mujer que estaba con la v\u00edctima en el momento de su muerte e intent\u00f3 hacer creer que se trat\u00f3 de un suicidio. El mes pr\u00f3ximo se definir\u00e1 la situaci\u00f3n procesal de Cristina Mateos, la mujer de 60\u00a0a\u00f1os que est\u00e1 imputada en el asesinato de Norberto Boccardo, el hombre [&hellip;]<\/p>\n","protected":false},"author":4,"featured_media":51038,"comment_status":"open","ping_status":"closed","sticky":false,"template":"","format":"standard","meta":{"om_disable_all_campaigns":false,"_jetpack_memberships_contains_paid_content":false,"footnotes":""},"categories":[2,103],"tags":[],"class_list":["post-51037","post","type-post","status-publish","format-standard","has-post-thumbnail","hentry","category-locales","category-policiales-locales"],"aioseo_notices":[],"gutentor_comment":0,"jetpack_featured_media_url":"https:\/\/eldiariodesanpedro.com.ar\/sitio\/wp-content\/uploads\/2019\/04\/000076808.jpg","jetpack_shortlink":"https:\/\/wp.me\/p6RhLt-dhb","jetpack_sharing_enabled":true,"_links":{"self":[{"href":"https:\/\/eldiariodesanpedro.com.ar\/sitio\/wp-json\/wp\/v2\/posts\/51037","targetHints":{"allow":["GET"]}}],"collection":[{"href":"https:\/\/eldiariodesanpedro.com.ar\/sitio\/wp-json\/wp\/v2\/posts"}],"about":[{"href":"https:\/\/eldiariodesanpedro.com.ar\/sitio\/wp-json\/wp\/v2\/types\/post"}],"author":[{"embeddable":true,"href":"https:\/\/eldiariodesanpedro.com.ar\/sitio\/wp-json\/wp\/v2\/users\/4"}],"replies":[{"embeddable":true,"href":"https:\/\/eldiariodesanpedro.com.ar\/sitio\/wp-json\/wp\/v2\/comments?post=51037"}],"version-history":[{"count":1,"href":"https:\/\/eldiariodesanpedro.com.ar\/sitio\/wp-json\/wp\/v2\/posts\/51037\/revisions"}],"predecessor-version":[{"id":51039,"href":"https:\/\/eldiariodesanpedro.com.ar\/sitio\/wp-json\/wp\/v2\/posts\/51037\/revisions\/51039"}],"wp:featuredmedia":[{"embeddable":true,"href":"https:\/\/eldiariodesanpedro.com.ar\/sitio\/wp-json\/wp\/v2\/media\/51038"}],"wp:attachment":[{"href":"https:\/\/eldiariodesanpedro.com.ar\/sitio\/wp-json\/wp\/v2\/media?parent=51037"}],"wp:term":[{"taxonomy":"category","embeddable":true,"href":"https:\/\/eldiariodesanpedro.com.ar\/sitio\/wp-json\/wp\/v2\/categories?post=51037"},{"taxonomy":"post_tag","embeddable":true,"href":"https:\/\/eldiariodesanpedro.com.ar\/sitio\/wp-json\/wp\/v2\/tags?post=51037"}],"curies":[{"name":"wp","href":"https:\/\/api.w.org\/{rel}","templated":true}]}}