{"id":51031,"date":"2019-04-25T12:52:04","date_gmt":"2019-04-25T15:52:04","guid":{"rendered":"https:\/\/eldiariodesanpedro.com.ar\/sitio\/?p=51031"},"modified":"2019-04-25T12:52:14","modified_gmt":"2019-04-25T15:52:14","slug":"campana-el-hcd-busca-garantizar-el-sepelio-con-honores-para-los-ex-combatientes-de-la-ciudad","status":"publish","type":"post","link":"https:\/\/eldiariodesanpedro.com.ar\/sitio\/campana-el-hcd-busca-garantizar-el-sepelio-con-honores-para-los-ex-combatientes-de-la-ciudad\/","title":{"rendered":"CAMPANA: El HCD busca garantizar el sepelio con honores para los ex combatientes de la ciudad"},"content":{"rendered":"<!-- VideographyWP Plugin Message: Automatic video embedding prevented by plugin options. -->\n\n<p>En la Presidencia del Concejo Deliberante, representantes de los distintos bloques se reunieron con integrantes del Centro de Veteranos de Guerra de Campana, buscando aunar criterios para impulsar una ordenanza que posibilite dicho beneficio. \u201cSon h\u00e9roes y deben ser honrados como tales, y consideramos que este gesto puede significar mucho para sus familias al despedirlos\u201d se\u00f1al\u00f3 el Presidente del Cuerpo, Osvaldo Fraticelli.<\/p>\n\n\n\n<p>Una petici\u00f3n del Centro de Veteranos de Guerra de Campana avanza en el seno del Honorable Concejo Deliberante. Representantes de los diferentes bloques que los conforman, participaron de una reuni\u00f3n encabezada por el Presidente del Cuerpo Legislativo, Osvaldo Fraticelli, y miembros de la mencionada instituci\u00f3n.<br><br>Los ex combatientes propusieron la creaci\u00f3n de una ordenanza, mediante la cual, el Municipio asegure un sepelio con honores para los ex combatientes de nuestra Ciudad. La iniciativa contempla la posibilidad de elecci\u00f3n por parte de los familiares de la persona fallecida, de realizar un velatorio privado, o bien, contar con la totalidad de los actos oficiales en este tipo de situaciones.<br><br>\u201cCreemos que si as\u00ed lo desean sus seres queridos, deben ser homenajeados con honores de H\u00e9roe de la Patria\u201d explic\u00f3 Fraticelli. Junto a \u00e9l, estuvieron presentes los Concejales Soledad Calle (PJ-Unidad Ciudadana), Marco Colella (Red X Argentina), Rosa Funes (UV Calixto Dellepiane) y Diego Lis (Cambiemos).<br><br>Los detalles de cada ceremonia ser\u00edan coordinados entre las familias de los ex combatientes y el \u00e1rea de protocolo y ceremonial del Municipio. Contempla, entre otras cosas, presentar la Bandera a media asta, entregar una placa para la l\u00e1pida en nombre del Municipio y el Pueblo de Campana, y montar una Guardia de Honor, junto a otros puntos protocolares en cada ocasi\u00f3n.<\/p>\n\n\n\n<p>Fuente: Campana Noticias<\/p>\n","protected":false},"excerpt":{"rendered":"<p>En la Presidencia del Concejo Deliberante, representantes de los distintos bloques se reunieron con integrantes del Centro de Veteranos de Guerra de Campana, buscando aunar criterios para impulsar una ordenanza que posibilite dicho beneficio. \u201cSon h\u00e9roes y deben ser honrados como tales, y consideramos que este gesto puede significar mucho para sus familias al despedirlos\u201d [&hellip;]<\/p>\n","protected":false},"author":4,"featured_media":51032,"comment_status":"open","ping_status":"closed","sticky":false,"template":"","format":"standard","meta":{"om_disable_all_campaigns":false,"_jetpack_memberships_contains_paid_content":false,"footnotes":""},"categories":[621],"tags":[],"class_list":["post-51031","post","type-post","status-publish","format-standard","has-post-thumbnail","hentry","category-regionales"],"aioseo_notices":[],"gutentor_comment":0,"jetpack_featured_media_url":"https:\/\/eldiariodesanpedro.com.ar\/sitio\/wp-content\/uploads\/2019\/04\/20190425094125.jpg","jetpack_shortlink":"https:\/\/wp.me\/p6RhLt-dh5","jetpack_sharing_enabled":true,"_links":{"self":[{"href":"https:\/\/eldiariodesanpedro.com.ar\/sitio\/wp-json\/wp\/v2\/posts\/51031","targetHints":{"allow":["GET"]}}],"collection":[{"href":"https:\/\/eldiariodesanpedro.com.ar\/sitio\/wp-json\/wp\/v2\/posts"}],"about":[{"href":"https:\/\/eldiariodesanpedro.com.ar\/sitio\/wp-json\/wp\/v2\/types\/post"}],"author":[{"embeddable":true,"href":"https:\/\/eldiariodesanpedro.com.ar\/sitio\/wp-json\/wp\/v2\/users\/4"}],"replies":[{"embeddable":true,"href":"https:\/\/eldiariodesanpedro.com.ar\/sitio\/wp-json\/wp\/v2\/comments?post=51031"}],"version-history":[{"count":1,"href":"https:\/\/eldiariodesanpedro.com.ar\/sitio\/wp-json\/wp\/v2\/posts\/51031\/revisions"}],"predecessor-version":[{"id":51033,"href":"https:\/\/eldiariodesanpedro.com.ar\/sitio\/wp-json\/wp\/v2\/posts\/51031\/revisions\/51033"}],"wp:featuredmedia":[{"embeddable":true,"href":"https:\/\/eldiariodesanpedro.com.ar\/sitio\/wp-json\/wp\/v2\/media\/51032"}],"wp:attachment":[{"href":"https:\/\/eldiariodesanpedro.com.ar\/sitio\/wp-json\/wp\/v2\/media?parent=51031"}],"wp:term":[{"taxonomy":"category","embeddable":true,"href":"https:\/\/eldiariodesanpedro.com.ar\/sitio\/wp-json\/wp\/v2\/categories?post=51031"},{"taxonomy":"post_tag","embeddable":true,"href":"https:\/\/eldiariodesanpedro.com.ar\/sitio\/wp-json\/wp\/v2\/tags?post=51031"}],"curies":[{"name":"wp","href":"https:\/\/api.w.org\/{rel}","templated":true}]}}