{"id":51028,"date":"2019-04-25T12:50:41","date_gmt":"2019-04-25T15:50:41","guid":{"rendered":"https:\/\/eldiariodesanpedro.com.ar\/sitio\/?p=51028"},"modified":"2019-04-25T12:50:52","modified_gmt":"2019-04-25T15:50:52","slug":"san-nicolas-fallecio-motociclista-tras-ser-embestido-por-un-auto-en-ruta-9","status":"publish","type":"post","link":"https:\/\/eldiariodesanpedro.com.ar\/sitio\/san-nicolas-fallecio-motociclista-tras-ser-embestido-por-un-auto-en-ruta-9\/","title":{"rendered":"SAN NICOL\u00c1S: Falleci\u00f3 motociclista tras ser embestido por un auto en Ruta 9"},"content":{"rendered":"<!-- VideographyWP Plugin Message: Automatic video embedding prevented by plugin options. -->\n\n<p>Un motociclista protagoniz\u00f3 un accidente en el kil\u00f3metro 230 de la Ruta 9. Cruz\u00f3 el cantero central y colision\u00f3 contra un auto que circulaba en sentido Buenos Aires &#8211; Rosario. El conductor de la moto falleci\u00f3 en el acto.<\/p>\n\n\n\n<p>Alrededor de las 17:30 de hoy se produjo un accidente fatal en la Ruta 9, a la altura del kil\u00f3metro 230, participando un Chevrolet Cruze gris, conducido por Javier Jes\u00fas Bruno de 52 a\u00f1os (de Rosario) y una motocicleta Motomel Blitz 110 cc, al mando de un masculino mayor de edad. La colisi\u00f3n fue en el sentido Buenos Aires-Rosario, donde el autom\u00f3vil impact\u00f3 contra la moto que cruz\u00f3 el\u00a0cantero central. El conductor del rodado menor fue despedido, cayendo en la zona de banquina. Las lesiones fueron mortales, destacando que no ten\u00eda casco en su poder, encontr\u00e1ndose la ruta en buen estado, aunque con piso h\u00famedo por la lluvia.<\/p>\n\n\n\n<p>La motocicleta fue robada este martes a las 15:00 en La Cooperativa Obrera (ex Supermercado Lagostena), encontr\u00e1ndose inserto ya el pedido de secuestro activo.<\/p>\n\n\n\n<p>Fuente: Flash 24<\/p>\n","protected":false},"excerpt":{"rendered":"<p>Un motociclista protagoniz\u00f3 un accidente en el kil\u00f3metro 230 de la Ruta 9. Cruz\u00f3 el cantero central y colision\u00f3 contra un auto que circulaba en sentido Buenos Aires &#8211; Rosario. El conductor de la moto falleci\u00f3 en el acto. Alrededor de las 17:30 de hoy se produjo un accidente fatal en la Ruta 9, a [&hellip;]<\/p>\n","protected":false},"author":4,"featured_media":51029,"comment_status":"open","ping_status":"closed","sticky":false,"template":"","format":"standard","meta":{"om_disable_all_campaigns":false,"_jetpack_memberships_contains_paid_content":false,"footnotes":""},"categories":[621],"tags":[],"class_list":["post-51028","post","type-post","status-publish","format-standard","has-post-thumbnail","hentry","category-regionales"],"aioseo_notices":[],"gutentor_comment":0,"jetpack_featured_media_url":"https:\/\/eldiariodesanpedro.com.ar\/sitio\/wp-content\/uploads\/2019\/04\/captura_de_pantalla_de_2019-04-25_08-29-10.jpg","jetpack_shortlink":"https:\/\/wp.me\/p6RhLt-dh2","jetpack_sharing_enabled":true,"_links":{"self":[{"href":"https:\/\/eldiariodesanpedro.com.ar\/sitio\/wp-json\/wp\/v2\/posts\/51028","targetHints":{"allow":["GET"]}}],"collection":[{"href":"https:\/\/eldiariodesanpedro.com.ar\/sitio\/wp-json\/wp\/v2\/posts"}],"about":[{"href":"https:\/\/eldiariodesanpedro.com.ar\/sitio\/wp-json\/wp\/v2\/types\/post"}],"author":[{"embeddable":true,"href":"https:\/\/eldiariodesanpedro.com.ar\/sitio\/wp-json\/wp\/v2\/users\/4"}],"replies":[{"embeddable":true,"href":"https:\/\/eldiariodesanpedro.com.ar\/sitio\/wp-json\/wp\/v2\/comments?post=51028"}],"version-history":[{"count":1,"href":"https:\/\/eldiariodesanpedro.com.ar\/sitio\/wp-json\/wp\/v2\/posts\/51028\/revisions"}],"predecessor-version":[{"id":51030,"href":"https:\/\/eldiariodesanpedro.com.ar\/sitio\/wp-json\/wp\/v2\/posts\/51028\/revisions\/51030"}],"wp:featuredmedia":[{"embeddable":true,"href":"https:\/\/eldiariodesanpedro.com.ar\/sitio\/wp-json\/wp\/v2\/media\/51029"}],"wp:attachment":[{"href":"https:\/\/eldiariodesanpedro.com.ar\/sitio\/wp-json\/wp\/v2\/media?parent=51028"}],"wp:term":[{"taxonomy":"category","embeddable":true,"href":"https:\/\/eldiariodesanpedro.com.ar\/sitio\/wp-json\/wp\/v2\/categories?post=51028"},{"taxonomy":"post_tag","embeddable":true,"href":"https:\/\/eldiariodesanpedro.com.ar\/sitio\/wp-json\/wp\/v2\/tags?post=51028"}],"curies":[{"name":"wp","href":"https:\/\/api.w.org\/{rel}","templated":true}]}}