{"id":51025,"date":"2019-04-25T12:48:28","date_gmt":"2019-04-25T15:48:28","guid":{"rendered":"https:\/\/eldiariodesanpedro.com.ar\/sitio\/?p=51025"},"modified":"2019-04-25T12:48:40","modified_gmt":"2019-04-25T15:48:40","slug":"arrecifes-empezo-la-concientizacion-para-la-separacion-de-residuos","status":"publish","type":"post","link":"https:\/\/eldiariodesanpedro.com.ar\/sitio\/arrecifes-empezo-la-concientizacion-para-la-separacion-de-residuos\/","title":{"rendered":"ARRECIFES: Empez\u00f3 la concientizaci\u00f3n para la separaci\u00f3n de residuos"},"content":{"rendered":"<!-- VideographyWP Plugin Message: Automatic video embedding prevented by plugin options. -->\n\n<p>\n\nEl pasado jueves dio comienzo el recorrido informativo, casa por casa en barrio Palermo, con el fin de anoticiar a los vecinos sobre la importancia de seleccionar los residuos en sus hogares.<\/p>\n\n\n\n<p>Esta labor estuvo a cargo de los j\u00f3venes del Club Leo, Interact, y Municipalidad de Arrecifes (todos identificados con una pechera de color verde) quienes se entrevistaron con m\u00e1s de 250 familias del barrio.&nbsp;&nbsp;&nbsp;&nbsp;&nbsp;&nbsp;&nbsp;&nbsp;&nbsp;&nbsp;&nbsp;&nbsp;&nbsp;&nbsp;&nbsp;&nbsp;&nbsp;&nbsp;&nbsp;&nbsp;&nbsp;&nbsp;&nbsp;&nbsp;&nbsp;&nbsp;&nbsp;&nbsp;&nbsp;&nbsp;&nbsp;&nbsp;&nbsp;&nbsp;&nbsp;&nbsp;&nbsp;&nbsp;&nbsp;&nbsp;<\/p>\n\n\n\n<p>El resultado de este primer paso hacia un futuro proyecto de separaci\u00f3n de residuos fue altamente positivo, obteniendo una muy buena predisposici\u00f3n por parte de la gente, habiendo muchos vecinos interesados en la realizaci\u00f3n de compost (Tierra f\u00e9rtil para plantas) a partir de los residuos org\u00e1nicos<\/p>\n\n\n\n<p>En los pr\u00f3ximos d\u00edas continuaran con el resto de las viviendas que comprenden el barrio de Palermo.<\/p>\n\n\n\n<p>Desde el municipio seguimos trabajando pensando en el cuidado del medio ambiente.<\/p>\n\n\n\n<p>Se viene un nuevo sistema de recolecci\u00f3n diferenciado de la ciudad.<\/p>\n\n\n\n<p>Separar y reciclar los residuos es un acto generoso y comprometido con los tuyos y con los que vendr\u00e1n.<\/p>\n\n\n\n<p>Fuente: Areccifes Noticias<\/p>\n","protected":false},"excerpt":{"rendered":"<p>El pasado jueves dio comienzo el recorrido informativo, casa por casa en barrio Palermo, con el fin de anoticiar a los vecinos sobre la importancia de seleccionar los residuos en sus hogares. Esta labor estuvo a cargo de los j\u00f3venes del Club Leo, Interact, y Municipalidad de Arrecifes (todos identificados con una pechera de color [&hellip;]<\/p>\n","protected":false},"author":4,"featured_media":51026,"comment_status":"open","ping_status":"closed","sticky":false,"template":"","format":"standard","meta":{"om_disable_all_campaigns":false,"_jetpack_memberships_contains_paid_content":false,"footnotes":""},"categories":[621],"tags":[],"class_list":["post-51025","post","type-post","status-publish","format-standard","has-post-thumbnail","hentry","category-regionales"],"aioseo_notices":[],"gutentor_comment":0,"jetpack_featured_media_url":"https:\/\/eldiariodesanpedro.com.ar\/sitio\/wp-content\/uploads\/2019\/04\/residuos.png","jetpack_shortlink":"https:\/\/wp.me\/p6RhLt-dgZ","jetpack_sharing_enabled":true,"_links":{"self":[{"href":"https:\/\/eldiariodesanpedro.com.ar\/sitio\/wp-json\/wp\/v2\/posts\/51025","targetHints":{"allow":["GET"]}}],"collection":[{"href":"https:\/\/eldiariodesanpedro.com.ar\/sitio\/wp-json\/wp\/v2\/posts"}],"about":[{"href":"https:\/\/eldiariodesanpedro.com.ar\/sitio\/wp-json\/wp\/v2\/types\/post"}],"author":[{"embeddable":true,"href":"https:\/\/eldiariodesanpedro.com.ar\/sitio\/wp-json\/wp\/v2\/users\/4"}],"replies":[{"embeddable":true,"href":"https:\/\/eldiariodesanpedro.com.ar\/sitio\/wp-json\/wp\/v2\/comments?post=51025"}],"version-history":[{"count":1,"href":"https:\/\/eldiariodesanpedro.com.ar\/sitio\/wp-json\/wp\/v2\/posts\/51025\/revisions"}],"predecessor-version":[{"id":51027,"href":"https:\/\/eldiariodesanpedro.com.ar\/sitio\/wp-json\/wp\/v2\/posts\/51025\/revisions\/51027"}],"wp:featuredmedia":[{"embeddable":true,"href":"https:\/\/eldiariodesanpedro.com.ar\/sitio\/wp-json\/wp\/v2\/media\/51026"}],"wp:attachment":[{"href":"https:\/\/eldiariodesanpedro.com.ar\/sitio\/wp-json\/wp\/v2\/media?parent=51025"}],"wp:term":[{"taxonomy":"category","embeddable":true,"href":"https:\/\/eldiariodesanpedro.com.ar\/sitio\/wp-json\/wp\/v2\/categories?post=51025"},{"taxonomy":"post_tag","embeddable":true,"href":"https:\/\/eldiariodesanpedro.com.ar\/sitio\/wp-json\/wp\/v2\/tags?post=51025"}],"curies":[{"name":"wp","href":"https:\/\/api.w.org\/{rel}","templated":true}]}}