{"id":51022,"date":"2019-04-25T12:29:58","date_gmt":"2019-04-25T15:29:58","guid":{"rendered":"https:\/\/eldiariodesanpedro.com.ar\/sitio\/?p=51022"},"modified":"2019-04-25T12:30:08","modified_gmt":"2019-04-25T15:30:08","slug":"hoy-se-celebra-el-dia-internacional-de-la-lucha-contra-el-maltrato-infantil","status":"publish","type":"post","link":"https:\/\/eldiariodesanpedro.com.ar\/sitio\/hoy-se-celebra-el-dia-internacional-de-la-lucha-contra-el-maltrato-infantil\/","title":{"rendered":"Hoy se celebra el D\u00eda Internacional de la Lucha contra el Maltrato Infantil"},"content":{"rendered":"<!-- VideographyWP Plugin Message: Automatic video embedding prevented by plugin options. -->\n\n<p>Rita Garc\u00eda, referente de Infancia Robada Campana, habl\u00f3 sobre este d\u00eda e hizo hincapi\u00e9 sobre generar conciencia en la sociedad. En todo el mundo se realizan campa\u00f1as y, en nuestra ciudad, se busca que la gente suba esta imagen en las redes sociales. <\/p>\n\n\n\n<p>\n\nEl 25 de Abril se conmemora el D\u00eda Internacional de la Lucha contra el Maltrato Infantil y su objetivo es para fomentar los Derechos de los Ni\u00f1os a nivel mundial concientizar y sensibilizar a toda la comunidad las consecuencias del maltrato en la ni\u00f1ez.<\/p>\n\n\n\n<p>Rita Garc\u00eda, referente de Infancia Robada Campana, habl\u00f3 sobre este tema: \u00abCuando hablamos de maltrato, hablamos de maltrato f\u00edsico, psicol\u00f3gico., por negligencia, por abuso sexual. Otra forma de someter a los ni\u00f1os a situaciones de violencia es cuando estos son testigos de maltrato o abuso sexual hacia terceros\u00bb.&nbsp;<\/p>\n\n\n\n<p>En distintas partes del mundo se organizan campa\u00f1as que participan los gobiernos, instituciones, empresas etc, y&nbsp;esta vez, la Red Infancia Robada Campana est\u00e1 llevando a cabo esta campa\u00f1a a trav\u00e9s de las redes sociales, pidiendo colaboraci\u00f3n a todos y esa colaboraci\u00f3n consiste en compartir en sus redes sociales e involucrarse diciendo es \u00abNO + ABUSO SEXUAL INFANTIL\u00bb.<\/p>\n\n\n\n<p>\u00abLa comenzamos ahora pero estar\u00e1 vigente durante todo el a\u00f1o. Porque NO podemos hacer o\u00eddos sordos, porque NO debemos dejar que se les robe la infancia a nuestros ni\u00f1os. Otro de los grandes problemas que tambi\u00e9n nos preocupa en Infancia Campana es la pobreza y cuando hablamos de pobreza hablamos de hambre y hambre es dolor de panza, porque la POBREZA = HAMBRE = ENFERMEDADES y la pobreza, el hambre y las enfermedades roban a los ni\u00f1os su infancia, por eso tambi\u00e9n exigimos a quienes hoy tienen el poder en sus manos que lleven ese poder a la mente y piensen en estos chicos que ser\u00e1n los que deber\u00e1n cuidarnos cuando dentro de unos a\u00f1os necesitemos de la salud\u00bb concluy\u00f3 Garc\u00eda.\n\n<\/p>\n","protected":false},"excerpt":{"rendered":"<p>Rita Garc\u00eda, referente de Infancia Robada Campana, habl\u00f3 sobre este d\u00eda e hizo hincapi\u00e9 sobre generar conciencia en la sociedad. En todo el mundo se realizan campa\u00f1as y, en nuestra ciudad, se busca que la gente suba esta imagen en las redes sociales. El 25 de Abril se conmemora el D\u00eda Internacional de la Lucha [&hellip;]<\/p>\n","protected":false},"author":4,"featured_media":51023,"comment_status":"open","ping_status":"closed","sticky":false,"template":"","format":"standard","meta":{"om_disable_all_campaigns":false,"_jetpack_memberships_contains_paid_content":false,"footnotes":""},"categories":[621],"tags":[],"class_list":["post-51022","post","type-post","status-publish","format-standard","has-post-thumbnail","hentry","category-regionales"],"aioseo_notices":[],"gutentor_comment":0,"jetpack_featured_media_url":"https:\/\/eldiariodesanpedro.com.ar\/sitio\/wp-content\/uploads\/2019\/04\/20190424072012.jpg","jetpack_shortlink":"https:\/\/wp.me\/p6RhLt-dgW","jetpack_sharing_enabled":true,"_links":{"self":[{"href":"https:\/\/eldiariodesanpedro.com.ar\/sitio\/wp-json\/wp\/v2\/posts\/51022","targetHints":{"allow":["GET"]}}],"collection":[{"href":"https:\/\/eldiariodesanpedro.com.ar\/sitio\/wp-json\/wp\/v2\/posts"}],"about":[{"href":"https:\/\/eldiariodesanpedro.com.ar\/sitio\/wp-json\/wp\/v2\/types\/post"}],"author":[{"embeddable":true,"href":"https:\/\/eldiariodesanpedro.com.ar\/sitio\/wp-json\/wp\/v2\/users\/4"}],"replies":[{"embeddable":true,"href":"https:\/\/eldiariodesanpedro.com.ar\/sitio\/wp-json\/wp\/v2\/comments?post=51022"}],"version-history":[{"count":1,"href":"https:\/\/eldiariodesanpedro.com.ar\/sitio\/wp-json\/wp\/v2\/posts\/51022\/revisions"}],"predecessor-version":[{"id":51024,"href":"https:\/\/eldiariodesanpedro.com.ar\/sitio\/wp-json\/wp\/v2\/posts\/51022\/revisions\/51024"}],"wp:featuredmedia":[{"embeddable":true,"href":"https:\/\/eldiariodesanpedro.com.ar\/sitio\/wp-json\/wp\/v2\/media\/51023"}],"wp:attachment":[{"href":"https:\/\/eldiariodesanpedro.com.ar\/sitio\/wp-json\/wp\/v2\/media?parent=51022"}],"wp:term":[{"taxonomy":"category","embeddable":true,"href":"https:\/\/eldiariodesanpedro.com.ar\/sitio\/wp-json\/wp\/v2\/categories?post=51022"},{"taxonomy":"post_tag","embeddable":true,"href":"https:\/\/eldiariodesanpedro.com.ar\/sitio\/wp-json\/wp\/v2\/tags?post=51022"}],"curies":[{"name":"wp","href":"https:\/\/api.w.org\/{rel}","templated":true}]}}