{"id":51018,"date":"2019-04-25T12:28:37","date_gmt":"2019-04-25T15:28:37","guid":{"rendered":"https:\/\/eldiariodesanpedro.com.ar\/sitio\/?p=51018"},"modified":"2019-04-25T12:28:47","modified_gmt":"2019-04-25T15:28:47","slug":"zarate-dia-del-animal-solidario-quieren-ayudar-a-los-que-fueron-rescatados","status":"publish","type":"post","link":"https:\/\/eldiariodesanpedro.com.ar\/sitio\/zarate-dia-del-animal-solidario-quieren-ayudar-a-los-que-fueron-rescatados\/","title":{"rendered":"ZARATE: D\u00eda del Animal solidario, quieren ayudar a los que fueron rescatados"},"content":{"rendered":"<!-- VideographyWP Plugin Message: Automatic video embedding prevented by plugin options. -->\n\n<p>Se viene el D\u00eda del Animal y varias organizaciones que se ocupan de cuidar los perros o gatos que fueron abandonados, organizan un evento solidario para ayudarlos y brindarles una mejor calidad de vida. <\/p>\n\n\n\n<p>El evento se realizar\u00e1 el domingo 28 de abril en el Parque Urbano de Z\u00e1rate. Los interesados pueden ir con sus \u201cmejores amigos\u201d desde las 13 hs.<\/p>\n\n\n\n<p>Todo lo recaudado es para ayudar a las organizaciones protectoras de animales. Por ello, buscan que los vecinos donen tortas, bizcochuelos, pastelitos, y dem\u00e1s cosas dulces para poder vender en la feria.<\/p>\n\n\n\n<p>Durante el evento se desarrollar\u00e1n adem\u00e1s, talleres, juegos, sorteos y hasta se podr\u00e1 adoptar responsablemente un animalito.<\/p>\n\n\n\n<p>Fuente: Zarate Alerta<\/p>\n\n\n\n<figure class=\"wp-block-image\"><img decoding=\"async\" width=\"529\" height=\"529\" data-attachment-id=\"51019\" data-permalink=\"https:\/\/eldiariodesanpedro.com.ar\/sitio\/zarate-dia-del-animal-solidario-quieren-ayudar-a-los-que-fueron-rescatados\/whatsapp-image-2019-04-24-at-20-46-34\/\" data-orig-file=\"https:\/\/eldiariodesanpedro.com.ar\/sitio\/wp-content\/uploads\/2019\/04\/WhatsApp-Image-2019-04-24-at-20.46.34.jpeg\" data-orig-size=\"529,529\" data-comments-opened=\"1\" data-image-meta=\"{&quot;aperture&quot;:&quot;0&quot;,&quot;credit&quot;:&quot;&quot;,&quot;camera&quot;:&quot;&quot;,&quot;caption&quot;:&quot;&quot;,&quot;created_timestamp&quot;:&quot;0&quot;,&quot;copyright&quot;:&quot;&quot;,&quot;focal_length&quot;:&quot;0&quot;,&quot;iso&quot;:&quot;0&quot;,&quot;shutter_speed&quot;:&quot;0&quot;,&quot;title&quot;:&quot;&quot;,&quot;orientation&quot;:&quot;0&quot;}\" data-image-title=\"WhatsApp-Image-2019-04-24-at-20.46.34\" data-image-description=\"\" data-image-caption=\"\" data-large-file=\"https:\/\/eldiariodesanpedro.com.ar\/sitio\/wp-content\/uploads\/2019\/04\/WhatsApp-Image-2019-04-24-at-20.46.34.jpeg\" data-src=\"https:\/\/eldiariodesanpedro.com.ar\/sitio\/wp-content\/uploads\/2019\/04\/WhatsApp-Image-2019-04-24-at-20.46.34.jpeg\" alt=\"\" class=\"wp-image-51019 lazyload\" data-srcset=\"https:\/\/eldiariodesanpedro.com.ar\/sitio\/wp-content\/uploads\/2019\/04\/WhatsApp-Image-2019-04-24-at-20.46.34.jpeg 529w, https:\/\/eldiariodesanpedro.com.ar\/sitio\/wp-content\/uploads\/2019\/04\/WhatsApp-Image-2019-04-24-at-20.46.34-150x150.jpeg 150w, https:\/\/eldiariodesanpedro.com.ar\/sitio\/wp-content\/uploads\/2019\/04\/WhatsApp-Image-2019-04-24-at-20.46.34-300x300.jpeg 300w\" data-sizes=\"(max-width: 529px) 100vw, 529px\" src=\"data:image\/svg+xml;base64,PHN2ZyB3aWR0aD0iMSIgaGVpZ2h0PSIxIiB4bWxucz0iaHR0cDovL3d3dy53My5vcmcvMjAwMC9zdmciPjwvc3ZnPg==\" style=\"--smush-placeholder-width: 529px; --smush-placeholder-aspect-ratio: 529\/529;\" \/><\/figure>\n","protected":false},"excerpt":{"rendered":"<p>Se viene el D\u00eda del Animal y varias organizaciones que se ocupan de cuidar los perros o gatos que fueron abandonados, organizan un evento solidario para ayudarlos y brindarles una mejor calidad de vida. El evento se realizar\u00e1 el domingo 28 de abril en el Parque Urbano de Z\u00e1rate. Los interesados pueden ir con sus [&hellip;]<\/p>\n","protected":false},"author":4,"featured_media":51020,"comment_status":"open","ping_status":"closed","sticky":false,"template":"","format":"standard","meta":{"om_disable_all_campaigns":false,"_jetpack_memberships_contains_paid_content":false,"footnotes":""},"categories":[621],"tags":[],"class_list":["post-51018","post","type-post","status-publish","format-standard","has-post-thumbnail","hentry","category-regionales"],"aioseo_notices":[],"gutentor_comment":0,"jetpack_featured_media_url":"https:\/\/eldiariodesanpedro.com.ar\/sitio\/wp-content\/uploads\/2019\/04\/Captura-1.jpg","jetpack_shortlink":"https:\/\/wp.me\/p6RhLt-dgS","jetpack_sharing_enabled":true,"_links":{"self":[{"href":"https:\/\/eldiariodesanpedro.com.ar\/sitio\/wp-json\/wp\/v2\/posts\/51018","targetHints":{"allow":["GET"]}}],"collection":[{"href":"https:\/\/eldiariodesanpedro.com.ar\/sitio\/wp-json\/wp\/v2\/posts"}],"about":[{"href":"https:\/\/eldiariodesanpedro.com.ar\/sitio\/wp-json\/wp\/v2\/types\/post"}],"author":[{"embeddable":true,"href":"https:\/\/eldiariodesanpedro.com.ar\/sitio\/wp-json\/wp\/v2\/users\/4"}],"replies":[{"embeddable":true,"href":"https:\/\/eldiariodesanpedro.com.ar\/sitio\/wp-json\/wp\/v2\/comments?post=51018"}],"version-history":[{"count":1,"href":"https:\/\/eldiariodesanpedro.com.ar\/sitio\/wp-json\/wp\/v2\/posts\/51018\/revisions"}],"predecessor-version":[{"id":51021,"href":"https:\/\/eldiariodesanpedro.com.ar\/sitio\/wp-json\/wp\/v2\/posts\/51018\/revisions\/51021"}],"wp:featuredmedia":[{"embeddable":true,"href":"https:\/\/eldiariodesanpedro.com.ar\/sitio\/wp-json\/wp\/v2\/media\/51020"}],"wp:attachment":[{"href":"https:\/\/eldiariodesanpedro.com.ar\/sitio\/wp-json\/wp\/v2\/media?parent=51018"}],"wp:term":[{"taxonomy":"category","embeddable":true,"href":"https:\/\/eldiariodesanpedro.com.ar\/sitio\/wp-json\/wp\/v2\/categories?post=51018"},{"taxonomy":"post_tag","embeddable":true,"href":"https:\/\/eldiariodesanpedro.com.ar\/sitio\/wp-json\/wp\/v2\/tags?post=51018"}],"curies":[{"name":"wp","href":"https:\/\/api.w.org\/{rel}","templated":true}]}}